{"id":7681,"date":"2021-06-28T09:00:00","date_gmt":"2021-06-28T06:00:00","guid":{"rendered":"https:\/\/diyetlif.com.tr\/blog\/?p=7681"},"modified":"2021-06-30T00:10:21","modified_gmt":"2021-06-29T21:10:21","slug":"kurubaklagilli-urunler","status":"publish","type":"post","link":"https:\/\/diyetlif.com.tr\/blog\/kurubaklagilli-urunler\/","title":{"rendered":"Kurubaklagilli \u00dcr\u00fcnler"},"content":{"rendered":"\n<p>Markete gitti\u011finde, online al\u0131\u015fveri\u015flerinde \u00f6zellikle de sa\u011fl\u0131kl\u0131 \u00fcr\u00fcn satan web sitelerinde fazlas\u0131yla kar\u015f\u0131la\u015fmaya ba\u015flad\u0131\u011f\u0131n kurubaklagilden \u00fcretilmi\u015f \u00fcr\u00fcnler, besin \u00f6gesi i\u00e7erikleri, sa\u011fl\u0131k \u00fczerine etkileri ve spesifik olarak hangi gruba daha faydal\u0131 olaca\u011f\u0131n\u0131 merak ediyorsan bu blog yaz\u0131s\u0131 tam sana g\u00f6re!<\/p>\n\n\n\n<h2 class=\"wp-block-heading\"><em>\u00d6ncelikle istersen biraz \u00fcr\u00fcnleri tan\u0131yal\u0131m<\/em><\/h2>\n\n\n\n<p>Kurubaklagilli \u00fcr\u00fcnler, genel olarak kurubaklagillerin tah\u0131llar yerine kullan\u0131lmas\u0131ndan ileri gelen g\u0131dalar olarak de\u011ferlendirilebilir. Kurubaklagil unlar\u0131, makarnalar\u0131, kekleri, ekmekleri vs. Bu \u00fcr\u00fcnler kurubaklagillerin sa\u011fl\u0131k \u00fczerine olumlu etkinlikleri nedeniyle artm\u0131\u015f olan talebe cevaben geli\u015ftirilmi\u015f \u00fcr\u00fcnlerdir ve toplum sa\u011fl\u0131\u011f\u0131n\u0131 kalk\u0131nd\u0131rma konusunda yard\u0131mc\u0131 olabilecekleri d\u00fc\u015f\u00fcncesiyle fonksiyonel g\u0131dalar olarak adland\u0131r\u0131labilir.<\/p>\n\n\n\n<p><em>\u201cPeki, neden bu\u011fday unundan yap\u0131lm\u0131\u015f bir ekmek, makarna vs yerine kurubaklagilden geli\u015ftirilmi\u015f \u00fcr\u00fcn\u00fc tercih etmeliyim?\u201d diye soracak olursan;<\/em><\/p>\n\n\n\n<h3 class=\"wp-block-heading\">Kurubaklagillerin tah\u0131llara g\u00f6re avantajl\u0131 olduklar\u0131 birka\u00e7 konu ba\u015fl\u0131\u011f\u0131 var, onlar\u0131 s\u0131ras\u0131yla ele alal\u0131m.<\/h3>\n\n\n\n<ol type=\"1\"><li>Kurubaklagiller tah\u0131llara g\u00f6re esansiyel aminoasit i\u00e7erikleri a\u00e7\u0131s\u0131ndan daha zengindir. Tah\u0131llarda lizin gibi baz\u0131 esansiyel aminoasit fakirli\u011fi g\u00f6r\u00fcl\u00fcr; ancak kurubaklagillerde bu durum s\u00f6z konusu de\u011fildir. Kurubaklagiller tah\u0131llara k\u0131yasla hem daha fazla protein miktar\u0131na hem daha kaliteli proteine sahiptir. Burada dikkatini \u00e7ekmek istedi\u011fim bir nokta var, tah\u0131llar spesifik esansiyel aminoasitlerden fakirken (lizin, triptofan gibi) kurubaklagiller de metiyonin aminoasidinden fakirdir. Bu nedenle, v\u00fccutta prote\u015fn i\u00e7eri\u011finin kullan\u0131m\u0131n\u0131 art\u0131rmak ad\u0131na kurubaklagillerin tah\u0131l \u00fcr\u00fcnleri veya peynir, yo\u011furt gibi hayvansal protein kaynaklar\u0131ndan biri ile beraber t\u00fcketilmesi \u00f6nem ta\u015f\u0131maktad\u0131r.<\/li><\/ol>\n\n\n\n<p>\u00d6rnekle a\u00e7\u0131klamam\u0131z gerekirse; 100 g bu\u011fdayda 8,6 g protein bulunmakta iken 100 g mercimekte 24,63 g protein bulunmaktad\u0131r. Buna ek olarak, mercimek esansiyel aminoasit bak\u0131m\u0131ndan daha zengindir.<\/p>\n\n\n\n<ul><li>Kurubaklagiller, \u00f6zellikle i\u015flenmi\u015f beyaz un gibi g\u0131dalara k\u0131yasla mineral i\u00e7eri\u011fi bak\u0131m\u0131ndan daha zengindir. Kurubaklagiller, genel olarak demir, \u00e7inko, potasyum, bak\u0131r gibi minerallerden zengindir; ayr\u0131ca folik asit, E vitamini, niasin gibi vitaminlerin de iyi kaynaklar\u0131d\u0131r.<\/li><\/ul>\n\n\n\n<h2 class=\"wp-block-heading\"><em>Kurubaklagilli \u00fcr\u00fcnlerin potansiyel sa\u011fl\u0131\u011fa faydalar\u0131<\/em><\/h2>\n\n\n\n<p>Bu t\u00fcr \u00fcr\u00fcnler yukar\u0131da sayd\u0131\u011f\u0131m\u0131z besin \u00f6geleri i\u00e7erikleri ile bireylerin g\u00fcnl\u00fck besin \u00f6gesi ve enerji gereksinimlerini kar\u015f\u0131lamada \u00f6nemli bir se\u00e7enektir.<\/p>\n\n\n\n<p>Yukar\u0131da bahsetti\u011fimiz besin \u00f6geleri kurubaklagillerin t\u00fcm \u00f6zelliklerini olu\u015fturmamaktad\u0131r. Besin \u00f6gelerine ek olarak, kurubaklagiller \u00f6nemli biyoaktif molek\u00fcl kayna\u011f\u0131d\u0131r. \u0130\u00e7erdikleri sa\u011fl\u0131\u011fa faydalar\u0131 bu molek\u00fcller, karaci\u011fer sa\u011fl\u0131\u011f\u0131n\u0131 geli\u015ftirmekte, ba\u011f\u0131rsak sa\u011fl\u0131\u011f\u0131na fayda sa\u011flamakta, ki\u015finin aterosklerozisi izleyen kardiyovask\u00fcler hastal\u0131klar, hipertansiyon, diyabet gibi hastal\u0131klara yakalanma riskini d\u00fc\u015f\u00fcrmektedir.<\/p>\n\n\n\n<p>Kurubaklagillerin sa\u011flad\u0131\u011f\u0131 en b\u00fcy\u00fck faydalardan bir di\u011feri ise posa i\u00e7eri\u011fidir. Kurubaklagillerin 100 gram\u0131 yakla\u015f\u0131k 10 g posa i\u00e7erir ve bu hem i\u015ftah kontrol\u00fc hem zay\u0131flama hem de sa\u011fl\u0131\u011f\u0131n geli\u015ftirilmesinde \u00f6nemlidir (sa\u011fl\u0131kl\u0131 bir yeti\u015fkinin g\u00fcnl\u00fck posa gereksinimi ortalama 25-30 g).<\/p>\n\n\n\n<h2 class=\"wp-block-heading\"><em>Hangi gruplara hitap eder?<\/em><\/h2>\n\n\n\n<p>Kurubaklagiller i\u00e7eri\u011fi de\u011ferlendirildi\u011finde t\u00fcm ya\u015f ve cinsiyet gruplar\u0131n\u0131n beslenmesinde haftada en az 2 kez t\u00fcketilmesi gereken g\u0131dad\u0131r. Buna ek olarak kurubaklagiller vejetaryen beslenmesinde, ya\u015fl\u0131l\u0131k ve \u00e7ocukluk evresinde ise \u00f6zel bir yere sahiptir.<\/p>\n\n\n\n<p>Ya\u015fl\u0131l\u0131k d\u00f6neminde bireylerin besinlere kar\u015f\u0131 azalm\u0131\u015f tolerans\u0131 ve de\u011fi\u015fmi\u015f organ fonksiyonlar\u0131 nedeniyle bireylerin bu d\u00f6nemde protein gereksinimleri artm\u0131\u015ft\u0131r ancak doymu\u015f (hayvansal kaynakl\u0131) ya\u011flardan beslenmeleri de sak\u0131ncal\u0131d\u0131r. Ayr\u0131ca ba\u011f\u0131rsak hareketleri de yava\u015flayan ya\u015fl\u0131 bireyler i\u00e7in bu konuda da \u00f6nemli bir i\u00e7erik sunmaktad\u0131r.<\/p>\n\n\n\n<p>B\u00fcy\u00fcme geli\u015fme d\u00f6neminde bireylerin protein, kalsiyum, demir gibi spesifik besin \u00f6gelerine gereksinimleri s\u00fcreci sa\u011fl\u0131kl\u0131 ge\u00e7irmek ad\u0131na mutlaka kar\u015f\u0131lanmal\u0131d\u0131r. Kurubaklagiller zengin besin i\u00e7eri\u011fi sayesinde \u00f6nemli bir yere sahiptir. Ayr\u0131ca \u00e7ocuklar\u0131n bu d\u00f6nemlerde beslenme al\u0131\u015fkanl\u0131klarn\u0131n \u015fekillendi\u011fi d\u00fc\u015f\u00fcn\u00fcld\u00fc\u011f\u00fcnde gelecek nesillerde daha sa\u011fl\u0131kl\u0131 yeti\u015fkinler g\u00f6rmek i\u00e7in kurubaklagiller yine olduk\u00e7a \u00f6nemlidir.<\/p>\n\n\n\n<p>Hayvansal besin kaynaklar\u0131n\u0131 beslenme d\u00fczeninde hi\u00e7 bulundurmayan veya s\u0131n\u0131rl\u0131 bulunduran vegan veya vejetaryen bireyler i\u00e7in kurubaklagil \u00f6nemli bir protein kayna\u011f\u0131d\u0131r. Proteinden daha iyi yararlanmak ad\u0131na yukar\u0131da \u00f6nerdi\u011fimiz gibi kurubaklagillerin tah\u0131l ile birlikte t\u00fcketilmesi fayda sa\u011flamaktad\u0131r. Ayr\u0131ca g\u00fcnl\u00fck protein gereksiniminin kar\u015f\u0131lanmas\u0131 amac\u0131yla y\u00fcksek miktarlarda t\u00fcketilen kurubaklagil y\u00fcksek miktarda posa ve antinutrient (besinlerde yer alan ancak besleyici \u00f6zellik g\u00f6stermeyen bile\u015fikler, y\u00fcksek miktarda al\u0131nd\u0131klar\u0131nda baz\u0131 besinlerin emilimini olumsuz etkilerler) al\u0131m\u0131na neden olmaktad\u0131r. Bu nedenle kurubaklagillerin t\u00fcketiminde uygulanan i\u015flemlere ve onlarla birlikte t\u00fcketilen di\u011fer besinlerin i\u00e7eri\u011fine de \u00f6zen g\u00f6sterilmelidir.<\/p>\n\n\n\n<blockquote class=\"wp-block-quote\"><p>Sa\u011fl\u0131kl\u0131 ve zinde g\u00fcnler dileriz<\/p><cite>Diyetlif<\/cite><\/blockquote>\n","protected":false},"excerpt":{"rendered":"<p>Markete gitti\u011finde, online al\u0131\u015fveri\u015flerinde \u00f6zellikle de sa\u011fl\u0131kl\u0131 \u00fcr\u00fcn satan web sitelerinde fazlas\u0131yla kar\u015f\u0131la\u015fmaya ba\u015flad\u0131\u011f\u0131n kurubaklagilden \u00fcretilmi\u015f \u00fcr\u00fcnler, besin \u00f6gesi i\u00e7erikleri, sa\u011fl\u0131k \u00fczerine etkileri ve spesifik olarak hangi gruba daha faydal\u0131 olaca\u011f\u0131n\u0131 merak ediyorsan bu blog yaz\u0131s\u0131 tam sana g\u00f6re! \u00d6ncelikle istersen biraz \u00fcr\u00fcnleri tan\u0131yal\u0131m Kurubaklagilli \u00fcr\u00fcnler, genel olarak kurubaklagillerin tah\u0131llar yerine kullan\u0131lmas\u0131ndan ileri gelen g\u0131dalar [&hellip;] <a class=\"g1-link g1-link-more\" href=\"https:\/\/diyetlif.com.tr\/blog\/kurubaklagilli-urunler\/\">More<\/a><\/p>\n","protected":false},"author":8,"featured_media":7691,"comment_status":"open","ping_status":"open","sticky":false,"template":"","format":"standard","meta":{"footnotes":""},"categories":[233],"tags":[1072,1069,1067,1071,1068],"adace-sponsor":[],"yoast_head":"<!-- This site is optimized with the Yoast SEO plugin v22.6 - https:\/\/yoast.com\/wordpress\/plugins\/seo\/ -->\n<title>Kurubaklagilli \u00dcr\u00fcnler | Diyetlif Blog<\/title>\n<meta name=\"description\" content=\"Markete gitti\u011finde, online al\u0131\u015fveri\u015flerinde \u00f6zellikle de sa\u011fl\u0131kl\u0131 \u00fcr\u00fcn satan web sitelerinde fazlas\u0131yla kar\u015f\u0131la\u015fmaya ba\u015flad\u0131\u011f\u0131n kurubaklagilden \u00fcretilmi\u015f \u00fcr\u00fcnler, besin \u00f6gesi i\u00e7erikleri, sa\u011fl\u0131k \u00fczerine etkileri ve spesifik olarak hangi gruba daha faydal\u0131 olaca\u011f\u0131n\u0131 merak ediyorsan bu blog yaz\u0131s\u0131 tam sana g\u00f6re!\" \/>\n<meta name=\"robots\" content=\"index, follow, max-snippet:-1, max-image-preview:large, max-video-preview:-1\" \/>\n<link rel=\"canonical\" href=\"https:\/\/diyetlif.com.tr\/blog\/kurubaklagilli-urunler\/\" \/>\n<meta property=\"og:locale\" content=\"tr_TR\" \/>\n<meta property=\"og:type\" content=\"article\" \/>\n<meta property=\"og:title\" content=\"Kurubaklagilli \u00dcr\u00fcnler | Diyetlif Blog\" \/>\n<meta property=\"og:description\" content=\"Markete gitti\u011finde, online al\u0131\u015fveri\u015flerinde \u00f6zellikle de sa\u011fl\u0131kl\u0131 \u00fcr\u00fcn satan web sitelerinde fazlas\u0131yla kar\u015f\u0131la\u015fmaya ba\u015flad\u0131\u011f\u0131n kurubaklagilden \u00fcretilmi\u015f \u00fcr\u00fcnler, besin \u00f6gesi i\u00e7erikleri, sa\u011fl\u0131k \u00fczerine etkileri ve spesifik olarak hangi gruba daha faydal\u0131 olaca\u011f\u0131n\u0131 merak ediyorsan bu blog yaz\u0131s\u0131 tam sana g\u00f6re!\" \/>\n<meta property=\"og:url\" content=\"https:\/\/diyetlif.com.tr\/blog\/kurubaklagilli-urunler\/\" \/>\n<meta property=\"og:site_name\" content=\"Diyetlif Blog\" \/>\n<meta property=\"article:publisher\" content=\"https:\/\/www.facebook.com\/Diyetlif\" \/>\n<meta property=\"article:published_time\" content=\"2021-06-28T06:00:00+00:00\" \/>\n<meta property=\"article:modified_time\" content=\"2021-06-29T21:10:21+00:00\" \/>\n<meta property=\"og:image\" content=\"https:\/\/diyetlif.com.tr\/blog\/wp-content\/uploads\/2021\/07\/kurubaklagil.jpg\" \/>\n\t<meta property=\"og:image:width\" content=\"1200\" \/>\n\t<meta property=\"og:image:height\" content=\"675\" \/>\n\t<meta property=\"og:image:type\" content=\"image\/jpeg\" \/>\n<meta name=\"author\" content=\"G\u00f6zdem Ba\u015far\u0131r \u0130phar\" \/>\n<meta name=\"twitter:card\" content=\"summary_large_image\" \/>\n<meta name=\"twitter:creator\" content=\"@diyetlif\" \/>\n<meta name=\"twitter:site\" content=\"@diyetlif\" \/>\n<meta name=\"twitter:label1\" content=\"Yazan:\" \/>\n\t<meta name=\"twitter:data1\" content=\"G\u00f6zdem Ba\u015far\u0131r \u0130phar\" \/>\n\t<meta name=\"twitter:label2\" content=\"Tahmini okuma s\u00fcresi\" \/>\n\t<meta name=\"twitter:data2\" content=\"3 dakika\" \/>\n<script type=\"application\/ld+json\" class=\"yoast-schema-graph\">{\"@context\":\"https:\/\/schema.org\",\"@graph\":[{\"@type\":\"Article\",\"@id\":\"https:\/\/diyetlif.com.tr\/blog\/kurubaklagilli-urunler\/#article\",\"isPartOf\":{\"@id\":\"https:\/\/diyetlif.com.tr\/blog\/kurubaklagilli-urunler\/\"},\"author\":{\"name\":\"G\u00f6zdem Ba\u015far\u0131r \u0130phar\",\"@id\":\"https:\/\/diyetlif.com.tr\/blog\/#\/schema\/person\/cfc8c639005ccbab1c1d899910d46861\"},\"headline\":\"Kurubaklagilli \u00dcr\u00fcnler\",\"datePublished\":\"2021-06-28T06:00:00+00:00\",\"dateModified\":\"2021-06-29T21:10:21+00:00\",\"mainEntityOfPage\":{\"@id\":\"https:\/\/diyetlif.com.tr\/blog\/kurubaklagilli-urunler\/\"},\"wordCount\":827,\"commentCount\":0,\"publisher\":{\"@id\":\"https:\/\/diyetlif.com.tr\/blog\/#organization\"},\"image\":{\"@id\":\"https:\/\/diyetlif.com.tr\/blog\/kurubaklagilli-urunler\/#primaryimage\"},\"thumbnailUrl\":\"https:\/\/diyetlif.com.tr\/blog\/wp-content\/uploads\/2021\/07\/kurubaklagil.jpg\",\"keywords\":[\"Hangi gruplara hitap eder?\",\"Kurubaklagillerin tah\u0131llara g\u00f6re avantajl\u0131 olduklar\u0131 birka\u00e7 konu ba\u015fl\u0131\u011f\u0131 var\",\"KURUBAKLAG\u0130LL\u0130 \u00dcR\u00dcNLER\",\"Kurubaklagilli \u00fcr\u00fcnlerin potansiyel sa\u011fl\u0131\u011fa faydalar\u0131\",\"\u00d6ncelikle istersen biraz \u00fcr\u00fcnleri tan\u0131yal\u0131m\"],\"articleSection\":[\"Besinler\"],\"inLanguage\":\"tr\",\"potentialAction\":[{\"@type\":\"CommentAction\",\"name\":\"Comment\",\"target\":[\"https:\/\/diyetlif.com.tr\/blog\/kurubaklagilli-urunler\/#respond\"]}]},{\"@type\":\"WebPage\",\"@id\":\"https:\/\/diyetlif.com.tr\/blog\/kurubaklagilli-urunler\/\",\"url\":\"https:\/\/diyetlif.com.tr\/blog\/kurubaklagilli-urunler\/\",\"name\":\"Kurubaklagilli \u00dcr\u00fcnler | Diyetlif Blog\",\"isPartOf\":{\"@id\":\"https:\/\/diyetlif.com.tr\/blog\/#website\"},\"primaryImageOfPage\":{\"@id\":\"https:\/\/diyetlif.com.tr\/blog\/kurubaklagilli-urunler\/#primaryimage\"},\"image\":{\"@id\":\"https:\/\/diyetlif.com.tr\/blog\/kurubaklagilli-urunler\/#primaryimage\"},\"thumbnailUrl\":\"https:\/\/diyetlif.com.tr\/blog\/wp-content\/uploads\/2021\/07\/kurubaklagil.jpg\",\"datePublished\":\"2021-06-28T06:00:00+00:00\",\"dateModified\":\"2021-06-29T21:10:21+00:00\",\"description\":\"Markete gitti\u011finde, online al\u0131\u015fveri\u015flerinde \u00f6zellikle de sa\u011fl\u0131kl\u0131 \u00fcr\u00fcn satan web sitelerinde fazlas\u0131yla kar\u015f\u0131la\u015fmaya ba\u015flad\u0131\u011f\u0131n kurubaklagilden \u00fcretilmi\u015f \u00fcr\u00fcnler, besin \u00f6gesi i\u00e7erikleri, sa\u011fl\u0131k \u00fczerine etkileri ve spesifik olarak hangi gruba daha faydal\u0131 olaca\u011f\u0131n\u0131 merak ediyorsan bu blog yaz\u0131s\u0131 tam sana g\u00f6re!\",\"breadcrumb\":{\"@id\":\"https:\/\/diyetlif.com.tr\/blog\/kurubaklagilli-urunler\/#breadcrumb\"},\"inLanguage\":\"tr\",\"potentialAction\":[{\"@type\":\"ReadAction\",\"target\":[\"https:\/\/diyetlif.com.tr\/blog\/kurubaklagilli-urunler\/\"]}]},{\"@type\":\"ImageObject\",\"inLanguage\":\"tr\",\"@id\":\"https:\/\/diyetlif.com.tr\/blog\/kurubaklagilli-urunler\/#primaryimage\",\"url\":\"https:\/\/diyetlif.com.tr\/blog\/wp-content\/uploads\/2021\/07\/kurubaklagil.jpg\",\"contentUrl\":\"https:\/\/diyetlif.com.tr\/blog\/wp-content\/uploads\/2021\/07\/kurubaklagil.jpg\",\"width\":1200,\"height\":675,\"caption\":\"kurubaklagil\"},{\"@type\":\"BreadcrumbList\",\"@id\":\"https:\/\/diyetlif.com.tr\/blog\/kurubaklagilli-urunler\/#breadcrumb\",\"itemListElement\":[{\"@type\":\"ListItem\",\"position\":1,\"name\":\"Home\",\"item\":\"https:\/\/diyetlif.com.tr\/blog\/\"},{\"@type\":\"ListItem\",\"position\":2,\"name\":\"Kurubaklagilli \u00dcr\u00fcnler\"}]},{\"@type\":\"WebSite\",\"@id\":\"https:\/\/diyetlif.com.tr\/blog\/#website\",\"url\":\"https:\/\/diyetlif.com.tr\/blog\/\",\"name\":\"Diyetlif Blog\",\"description\":\"Diyetlif diyetisyen ve psikolog ekibinin haz\u0131rlad\u0131\u011f\u0131 sa\u011fl\u0131kl\u0131 ya\u015fam, kilo verme alma, psikoloji, beslenme blog yaz\u0131lar\u0131n\u0131 okuyun.\",\"publisher\":{\"@id\":\"https:\/\/diyetlif.com.tr\/blog\/#organization\"},\"potentialAction\":[{\"@type\":\"SearchAction\",\"target\":{\"@type\":\"EntryPoint\",\"urlTemplate\":\"https:\/\/diyetlif.com.tr\/blog\/?s={search_term_string}\"},\"query-input\":\"required name=search_term_string\"}],\"inLanguage\":\"tr\"},{\"@type\":\"Organization\",\"@id\":\"https:\/\/diyetlif.com.tr\/blog\/#organization\",\"name\":\"Diyetlif\",\"url\":\"https:\/\/diyetlif.com.tr\/blog\/\",\"logo\":{\"@type\":\"ImageObject\",\"inLanguage\":\"tr\",\"@id\":\"https:\/\/diyetlif.com.tr\/blog\/#\/schema\/logo\/image\/\",\"url\":\"https:\/\/diyetlif.com.tr\/blog\/wp-content\/uploads\/2022\/02\/diyetlif-diyet-diyetisyen-logo-220.png\",\"contentUrl\":\"https:\/\/diyetlif.com.tr\/blog\/wp-content\/uploads\/2022\/02\/diyetlif-diyet-diyetisyen-logo-220.png\",\"width\":220,\"height\":53,\"caption\":\"Diyetlif\"},\"image\":{\"@id\":\"https:\/\/diyetlif.com.tr\/blog\/#\/schema\/logo\/image\/\"},\"sameAs\":[\"https:\/\/www.facebook.com\/Diyetlif\",\"https:\/\/x.com\/diyetlif\",\"https:\/\/www.instagram.com\/diyetlif\/\",\"https:\/\/tr.linkedin.com\/company\/diyetlif\",\"https:\/\/tr.pinterest.com\/diyetlif\/\",\"https:\/\/www.youtube.com\/channel\/UCWbcFL5Q3DM5UV0Ttme9YzA\"]},{\"@type\":\"Person\",\"@id\":\"https:\/\/diyetlif.com.tr\/blog\/#\/schema\/person\/cfc8c639005ccbab1c1d899910d46861\",\"name\":\"G\u00f6zdem Ba\u015far\u0131r \u0130phar\",\"image\":{\"@type\":\"ImageObject\",\"inLanguage\":\"tr\",\"@id\":\"https:\/\/diyetlif.com.tr\/blog\/#\/schema\/person\/image\/\",\"url\":\"https:\/\/secure.gravatar.com\/avatar\/992d4ef7e2f9462356ef03c207c685f8?s=96&d=mm&r=g\",\"contentUrl\":\"https:\/\/secure.gravatar.com\/avatar\/992d4ef7e2f9462356ef03c207c685f8?s=96&d=mm&r=g\",\"caption\":\"G\u00f6zdem Ba\u015far\u0131r \u0130phar\"},\"description\":\"Diyetisyen G\u00f6zdem Ba\u015far\u0131r \u0130phar, orta \u00f6\u011frenimini Almanca e\u011fitim veren Kartal Anadolu Lisesi\u2019nde tamamlad\u0131. 2006 y\u0131l\u0131nda Hacettepe \u00dcniversitesi Beslenme ve Diyetetik B\u00f6l\u00fcm\u00fcnden mezun oldu. Hacettepe \u00dcniversitesi Sporcu Beslenmesi \u00fczerine \u00f6zel \u00f6\u011frenci olarak 2006-2008 y\u0131llar\u0131nda e\u011fitim g\u00f6rd\u00fc. 2008 y\u0131l\u0131nda bireylere ve Oyak Renault Otomobil Fabrikalar\u0131, Borusan-Arcelor Mittal ortakl\u0131\u011f\u0131 Bor\u00e7elik, \u00dcst\u00fcnberk Holding, SOCAR, Beko gibi ulusal ve \u00e7ok uluslu kurulu\u015flara sa\u011fl\u0131kl\u0131 ya\u015fam hizmetleri sunan Diyetlif\u2019i kurdu. \u015eu anda Okan \u00dcniversitesi Beslenme ve Diyetetik B\u00f6l\u00fcm\u00fcnde y\u00fcksek lisans\u0131na devam etmektedir. Diyetisyen G\u00f6zdem Ba\u015far\u0131r \u0130phar; g\u00fczellik, estetik ve kilo y\u00f6netimi alanlar\u0131n\u0131n yan\u0131 s\u0131ra diyabet, onkoloji, gebelik, kalp damar hastal\u0131klar\u0131 gibi bir\u00e7ok alanda da beslenme ve diyet dan\u0131\u015fmanl\u0131\u011f\u0131 sunmaktad\u0131r.\",\"sameAs\":[\"https:\/\/diyetlif.com.tr\/\"],\"url\":\"https:\/\/diyetlif.com.tr\/blog\/author\/gozdem\/\"}]}<\/script>\n<!-- \/ Yoast SEO plugin. -->","yoast_head_json":{"title":"Kurubaklagilli \u00dcr\u00fcnler | Diyetlif Blog","description":"Markete gitti\u011finde, online al\u0131\u015fveri\u015flerinde \u00f6zellikle de sa\u011fl\u0131kl\u0131 \u00fcr\u00fcn satan web sitelerinde fazlas\u0131yla kar\u015f\u0131la\u015fmaya ba\u015flad\u0131\u011f\u0131n kurubaklagilden \u00fcretilmi\u015f \u00fcr\u00fcnler, besin \u00f6gesi i\u00e7erikleri, sa\u011fl\u0131k \u00fczerine etkileri ve spesifik olarak hangi gruba daha faydal\u0131 olaca\u011f\u0131n\u0131 merak ediyorsan bu blog yaz\u0131s\u0131 tam sana g\u00f6re!","robots":{"index":"index","follow":"follow","max-snippet":"max-snippet:-1","max-image-preview":"max-image-preview:large","max-video-preview":"max-video-preview:-1"},"canonical":"https:\/\/diyetlif.com.tr\/blog\/kurubaklagilli-urunler\/","og_locale":"tr_TR","og_type":"article","og_title":"Kurubaklagilli \u00dcr\u00fcnler | Diyetlif Blog","og_description":"Markete gitti\u011finde, online al\u0131\u015fveri\u015flerinde \u00f6zellikle de sa\u011fl\u0131kl\u0131 \u00fcr\u00fcn satan web sitelerinde fazlas\u0131yla kar\u015f\u0131la\u015fmaya ba\u015flad\u0131\u011f\u0131n kurubaklagilden \u00fcretilmi\u015f \u00fcr\u00fcnler, besin \u00f6gesi i\u00e7erikleri, sa\u011fl\u0131k \u00fczerine etkileri ve spesifik olarak hangi gruba daha faydal\u0131 olaca\u011f\u0131n\u0131 merak ediyorsan bu blog yaz\u0131s\u0131 tam sana g\u00f6re!","og_url":"https:\/\/diyetlif.com.tr\/blog\/kurubaklagilli-urunler\/","og_site_name":"Diyetlif Blog","article_publisher":"https:\/\/www.facebook.com\/Diyetlif","article_published_time":"2021-06-28T06:00:00+00:00","article_modified_time":"2021-06-29T21:10:21+00:00","og_image":[{"width":1200,"height":675,"url":"https:\/\/diyetlif.com.tr\/blog\/wp-content\/uploads\/2021\/07\/kurubaklagil.jpg","type":"image\/jpeg"}],"author":"G\u00f6zdem Ba\u015far\u0131r \u0130phar","twitter_card":"summary_large_image","twitter_creator":"@diyetlif","twitter_site":"@diyetlif","twitter_misc":{"Yazan:":"G\u00f6zdem Ba\u015far\u0131r \u0130phar","Tahmini okuma s\u00fcresi":"3 dakika"},"schema":{"@context":"https:\/\/schema.org","@graph":[{"@type":"Article","@id":"https:\/\/diyetlif.com.tr\/blog\/kurubaklagilli-urunler\/#article","isPartOf":{"@id":"https:\/\/diyetlif.com.tr\/blog\/kurubaklagilli-urunler\/"},"author":{"name":"G\u00f6zdem Ba\u015far\u0131r \u0130phar","@id":"https:\/\/diyetlif.com.tr\/blog\/#\/schema\/person\/cfc8c639005ccbab1c1d899910d46861"},"headline":"Kurubaklagilli \u00dcr\u00fcnler","datePublished":"2021-06-28T06:00:00+00:00","dateModified":"2021-06-29T21:10:21+00:00","mainEntityOfPage":{"@id":"https:\/\/diyetlif.com.tr\/blog\/kurubaklagilli-urunler\/"},"wordCount":827,"commentCount":0,"publisher":{"@id":"https:\/\/diyetlif.com.tr\/blog\/#organization"},"image":{"@id":"https:\/\/diyetlif.com.tr\/blog\/kurubaklagilli-urunler\/#primaryimage"},"thumbnailUrl":"https:\/\/diyetlif.com.tr\/blog\/wp-content\/uploads\/2021\/07\/kurubaklagil.jpg","keywords":["Hangi gruplara hitap eder?","Kurubaklagillerin tah\u0131llara g\u00f6re avantajl\u0131 olduklar\u0131 birka\u00e7 konu ba\u015fl\u0131\u011f\u0131 var","KURUBAKLAG\u0130LL\u0130 \u00dcR\u00dcNLER","Kurubaklagilli \u00fcr\u00fcnlerin potansiyel sa\u011fl\u0131\u011fa faydalar\u0131","\u00d6ncelikle istersen biraz \u00fcr\u00fcnleri tan\u0131yal\u0131m"],"articleSection":["Besinler"],"inLanguage":"tr","potentialAction":[{"@type":"CommentAction","name":"Comment","target":["https:\/\/diyetlif.com.tr\/blog\/kurubaklagilli-urunler\/#respond"]}]},{"@type":"WebPage","@id":"https:\/\/diyetlif.com.tr\/blog\/kurubaklagilli-urunler\/","url":"https:\/\/diyetlif.com.tr\/blog\/kurubaklagilli-urunler\/","name":"Kurubaklagilli \u00dcr\u00fcnler | Diyetlif Blog","isPartOf":{"@id":"https:\/\/diyetlif.com.tr\/blog\/#website"},"primaryImageOfPage":{"@id":"https:\/\/diyetlif.com.tr\/blog\/kurubaklagilli-urunler\/#primaryimage"},"image":{"@id":"https:\/\/diyetlif.com.tr\/blog\/kurubaklagilli-urunler\/#primaryimage"},"thumbnailUrl":"https:\/\/diyetlif.com.tr\/blog\/wp-content\/uploads\/2021\/07\/kurubaklagil.jpg","datePublished":"2021-06-28T06:00:00+00:00","dateModified":"2021-06-29T21:10:21+00:00","description":"Markete gitti\u011finde, online al\u0131\u015fveri\u015flerinde \u00f6zellikle de sa\u011fl\u0131kl\u0131 \u00fcr\u00fcn satan web sitelerinde fazlas\u0131yla kar\u015f\u0131la\u015fmaya ba\u015flad\u0131\u011f\u0131n kurubaklagilden \u00fcretilmi\u015f \u00fcr\u00fcnler, besin \u00f6gesi i\u00e7erikleri, sa\u011fl\u0131k \u00fczerine etkileri ve spesifik olarak hangi gruba daha faydal\u0131 olaca\u011f\u0131n\u0131 merak ediyorsan bu blog yaz\u0131s\u0131 tam sana g\u00f6re!","breadcrumb":{"@id":"https:\/\/diyetlif.com.tr\/blog\/kurubaklagilli-urunler\/#breadcrumb"},"inLanguage":"tr","potentialAction":[{"@type":"ReadAction","target":["https:\/\/diyetlif.com.tr\/blog\/kurubaklagilli-urunler\/"]}]},{"@type":"ImageObject","inLanguage":"tr","@id":"https:\/\/diyetlif.com.tr\/blog\/kurubaklagilli-urunler\/#primaryimage","url":"https:\/\/diyetlif.com.tr\/blog\/wp-content\/uploads\/2021\/07\/kurubaklagil.jpg","contentUrl":"https:\/\/diyetlif.com.tr\/blog\/wp-content\/uploads\/2021\/07\/kurubaklagil.jpg","width":1200,"height":675,"caption":"kurubaklagil"},{"@type":"BreadcrumbList","@id":"https:\/\/diyetlif.com.tr\/blog\/kurubaklagilli-urunler\/#breadcrumb","itemListElement":[{"@type":"ListItem","position":1,"name":"Home","item":"https:\/\/diyetlif.com.tr\/blog\/"},{"@type":"ListItem","position":2,"name":"Kurubaklagilli \u00dcr\u00fcnler"}]},{"@type":"WebSite","@id":"https:\/\/diyetlif.com.tr\/blog\/#website","url":"https:\/\/diyetlif.com.tr\/blog\/","name":"Diyetlif Blog","description":"Diyetlif diyetisyen ve psikolog ekibinin haz\u0131rlad\u0131\u011f\u0131 sa\u011fl\u0131kl\u0131 ya\u015fam, kilo verme alma, psikoloji, beslenme blog yaz\u0131lar\u0131n\u0131 okuyun.","publisher":{"@id":"https:\/\/diyetlif.com.tr\/blog\/#organization"},"potentialAction":[{"@type":"SearchAction","target":{"@type":"EntryPoint","urlTemplate":"https:\/\/diyetlif.com.tr\/blog\/?s={search_term_string}"},"query-input":"required name=search_term_string"}],"inLanguage":"tr"},{"@type":"Organization","@id":"https:\/\/diyetlif.com.tr\/blog\/#organization","name":"Diyetlif","url":"https:\/\/diyetlif.com.tr\/blog\/","logo":{"@type":"ImageObject","inLanguage":"tr","@id":"https:\/\/diyetlif.com.tr\/blog\/#\/schema\/logo\/image\/","url":"https:\/\/diyetlif.com.tr\/blog\/wp-content\/uploads\/2022\/02\/diyetlif-diyet-diyetisyen-logo-220.png","contentUrl":"https:\/\/diyetlif.com.tr\/blog\/wp-content\/uploads\/2022\/02\/diyetlif-diyet-diyetisyen-logo-220.png","width":220,"height":53,"caption":"Diyetlif"},"image":{"@id":"https:\/\/diyetlif.com.tr\/blog\/#\/schema\/logo\/image\/"},"sameAs":["https:\/\/www.facebook.com\/Diyetlif","https:\/\/x.com\/diyetlif","https:\/\/www.instagram.com\/diyetlif\/","https:\/\/tr.linkedin.com\/company\/diyetlif","https:\/\/tr.pinterest.com\/diyetlif\/","https:\/\/www.youtube.com\/channel\/UCWbcFL5Q3DM5UV0Ttme9YzA"]},{"@type":"Person","@id":"https:\/\/diyetlif.com.tr\/blog\/#\/schema\/person\/cfc8c639005ccbab1c1d899910d46861","name":"G\u00f6zdem Ba\u015far\u0131r \u0130phar","image":{"@type":"ImageObject","inLanguage":"tr","@id":"https:\/\/diyetlif.com.tr\/blog\/#\/schema\/person\/image\/","url":"https:\/\/secure.gravatar.com\/avatar\/992d4ef7e2f9462356ef03c207c685f8?s=96&d=mm&r=g","contentUrl":"https:\/\/secure.gravatar.com\/avatar\/992d4ef7e2f9462356ef03c207c685f8?s=96&d=mm&r=g","caption":"G\u00f6zdem Ba\u015far\u0131r \u0130phar"},"description":"Diyetisyen G\u00f6zdem Ba\u015far\u0131r \u0130phar, orta \u00f6\u011frenimini Almanca e\u011fitim veren Kartal Anadolu Lisesi\u2019nde tamamlad\u0131. 2006 y\u0131l\u0131nda Hacettepe \u00dcniversitesi Beslenme ve Diyetetik B\u00f6l\u00fcm\u00fcnden mezun oldu. Hacettepe \u00dcniversitesi Sporcu Beslenmesi \u00fczerine \u00f6zel \u00f6\u011frenci olarak 2006-2008 y\u0131llar\u0131nda e\u011fitim g\u00f6rd\u00fc. 2008 y\u0131l\u0131nda bireylere ve Oyak Renault Otomobil Fabrikalar\u0131, Borusan-Arcelor Mittal ortakl\u0131\u011f\u0131 Bor\u00e7elik, \u00dcst\u00fcnberk Holding, SOCAR, Beko gibi ulusal ve \u00e7ok uluslu kurulu\u015flara sa\u011fl\u0131kl\u0131 ya\u015fam hizmetleri sunan Diyetlif\u2019i kurdu. \u015eu anda Okan \u00dcniversitesi Beslenme ve Diyetetik B\u00f6l\u00fcm\u00fcnde y\u00fcksek lisans\u0131na devam etmektedir. Diyetisyen G\u00f6zdem Ba\u015far\u0131r \u0130phar; g\u00fczellik, estetik ve kilo y\u00f6netimi alanlar\u0131n\u0131n yan\u0131 s\u0131ra diyabet, onkoloji, gebelik, kalp damar hastal\u0131klar\u0131 gibi bir\u00e7ok alanda da beslenme ve diyet dan\u0131\u015fmanl\u0131\u011f\u0131 sunmaktad\u0131r.","sameAs":["https:\/\/diyetlif.com.tr\/"],"url":"https:\/\/diyetlif.com.tr\/blog\/author\/gozdem\/"}]}},"amp_enabled":true,"_links":{"self":[{"href":"https:\/\/diyetlif.com.tr\/blog\/wp-json\/wp\/v2\/posts\/7681"}],"collection":[{"href":"https:\/\/diyetlif.com.tr\/blog\/wp-json\/wp\/v2\/posts"}],"about":[{"href":"https:\/\/diyetlif.com.tr\/blog\/wp-json\/wp\/v2\/types\/post"}],"author":[{"embeddable":true,"href":"https:\/\/diyetlif.com.tr\/blog\/wp-json\/wp\/v2\/users\/8"}],"replies":[{"embeddable":true,"href":"https:\/\/diyetlif.com.tr\/blog\/wp-json\/wp\/v2\/comments?post=7681"}],"version-history":[{"count":2,"href":"https:\/\/diyetlif.com.tr\/blog\/wp-json\/wp\/v2\/posts\/7681\/revisions"}],"predecessor-version":[{"id":7695,"href":"https:\/\/diyetlif.com.tr\/blog\/wp-json\/wp\/v2\/posts\/7681\/revisions\/7695"}],"wp:featuredmedia":[{"embeddable":true,"href":"https:\/\/diyetlif.com.tr\/blog\/wp-json\/wp\/v2\/media\/7691"}],"wp:attachment":[{"href":"https:\/\/diyetlif.com.tr\/blog\/wp-json\/wp\/v2\/media?parent=7681"}],"wp:term":[{"taxonomy":"category","embeddable":true,"href":"https:\/\/diyetlif.com.tr\/blog\/wp-json\/wp\/v2\/categories?post=7681"},{"taxonomy":"post_tag","embeddable":true,"href":"https:\/\/diyetlif.com.tr\/blog\/wp-json\/wp\/v2\/tags?post=7681"},{"taxonomy":"adace-sponsor","embeddable":true,"href":"https:\/\/diyetlif.com.tr\/blog\/wp-json\/wp\/v2\/adace-sponsor?post=7681"}],"curies":[{"name":"wp","href":"https:\/\/api.w.org\/{rel}","templated":true}]}}