{"id":5916,"date":"2020-01-14T10:22:00","date_gmt":"2020-01-14T07:22:00","guid":{"rendered":"http:\/\/diyetlif.com.tr\/blog\/?p=5916"},"modified":"2019-12-02T11:27:05","modified_gmt":"2019-12-02T08:27:05","slug":"astim-hastaligi-ve-beslenme-tedavisi","status":"publish","type":"post","link":"https:\/\/diyetlif.com.tr\/blog\/astim-hastaligi-ve-beslenme-tedavisi\/","title":{"rendered":"Ast\u0131m Hastal\u0131\u011f\u0131 ve Beslenme Tedavisi"},"content":{"rendered":"\n<p>Ast\u0131m bron\u015flar\u0131n daralmas\u0131 ile karakterize nefes darl\u0131\u011f\u0131na\nsebep olan kronik bir hastal\u0131kt\u0131r. Annenin hamilelik d\u00f6neminde yanl\u0131\u015f\nbeslenmesi, \u00e7ocukluk \u00e7a\u011f\u0131nda y\u00fcksek karbonhidrat t\u00fcketimi, diyette probiyotik\nbesinlere yeterince yer verilmemesi, esansiyel ya\u011f asitlerinin t\u00fcketiminin\nazl\u0131\u011f\u0131, A,C,E ve D vitaminleri yetersizli\u011fi, sigara t\u00fcketimi, toz ve\nkimyasallara maruziyet ast\u0131m g\u00f6r\u00fclme s\u0131kl\u0131\u011f\u0131n\u0131 artt\u0131rabilmektedir.<\/p>\n\n\n\n<p>Diyette dikkat edilmesi gereken baz\u0131 detaylar, ast\u0131m geli\u015fme\nriskini \u00f6nleyebilir, ast\u0131m hastal\u0131\u011f\u0131 geli\u015fmi\u015f ki\u015filerde ise ast\u0131m semptomlar\u0131n\u0131\nve s\u0131kl\u0131\u011f\u0131n\u0131 azaltabilmektedir. Yo\u011furt, kefir, peynir, sirke gibi probiyotik\ng\u0131dalar\u0131n t\u00fcketimi ast\u0131m hastalar\u0131 i\u00e7in faydal\u0131 olabilmekte ve bu besinlere her\ng\u00fcn diyette yer verilmesi ayr\u0131ca \u00f6nem ta\u015f\u0131maktad\u0131r. Y\u00fcksek tuz ve sodyum\nt\u00fcketimi solunum bozuklu\u011funa sebep olarak ast\u0131m semptomlar\u0131n\u0131\nartt\u0131rabilmektedir. Bu y\u00fczden ast\u0131m hastalar\u0131n\u0131n g\u00fcnl\u00fck tuz t\u00fcketiminin 5\ngram\u0131n alt\u0131nda olmas\u0131 \u00e7ok \u00f6nemlidir. Yap\u0131lan ara\u015ft\u0131rmalar ast\u0131m hastalar\u0131n\u0131n\nmagnezyum d\u00fczeylerinin d\u00fc\u015f\u00fck oldu\u011funu g\u00f6stermi\u015ftir. Kuru baklagiller, ya\u011fl\u0131\ntohumlar, koyu ye\u015fil yaprakl\u0131 sebzeler, muz, kavun, kuru meyveler gibi\nmagnezyum kaynaklar\u0131 ast\u0131m geli\u015fme riskini \u00f6nlemeye yard\u0131mc\u0131 olabilmektedir.\nSelenyum minerali de oksidatif hasar\u0131 \u00f6nleyerek koruyucu olabilmektedir. Tavuk,\nhindi, bal\u0131k, k\u0131rm\u0131z\u0131 et, yumurta, kabak \u00e7ekirde\u011fi gibi selenyum kaynaklar\u0131na\ndiyette yer verilmelidir. Yetersiz su t\u00fcketimi, histamin sal\u0131n\u0131m\u0131n\u0131 artt\u0131rarak ast\u0131m semptomlar\u0131n\u0131\nartt\u0131rabilir. Lif i\u00e7eri\u011fi y\u00fcksek besinlerin t\u00fcketimi de ast\u0131m semptomlar\u0131n\u0131\nazaltabilmektedir.<\/p>\n","protected":false},"excerpt":{"rendered":"<p>Ast\u0131m bron\u015flar\u0131n daralmas\u0131 ile karakterize nefes darl\u0131\u011f\u0131na sebep olan kronik bir hastal\u0131kt\u0131r. Annenin hamilelik d\u00f6neminde yanl\u0131\u015f beslenmesi, \u00e7ocukluk \u00e7a\u011f\u0131nda y\u00fcksek karbonhidrat t\u00fcketimi, diyette probiyotik besinlere yeterince yer verilmemesi, esansiyel ya\u011f asitlerinin t\u00fcketiminin azl\u0131\u011f\u0131, A,C,E ve D vitaminleri yetersizli\u011fi, sigara t\u00fcketimi, toz ve kimyasallara maruziyet ast\u0131m g\u00f6r\u00fclme s\u0131kl\u0131\u011f\u0131n\u0131 artt\u0131rabilmektedir. Diyette dikkat edilmesi gereken baz\u0131 detaylar, ast\u0131m [&hellip;] <a class=\"g1-link g1-link-more\" href=\"https:\/\/diyetlif.com.tr\/blog\/astim-hastaligi-ve-beslenme-tedavisi\/\">More<\/a><\/p>\n","protected":false},"author":4,"featured_media":5917,"comment_status":"open","ping_status":"open","sticky":false,"template":"","format":"standard","meta":{"footnotes":""},"categories":[231],"tags":[433,434,435],"adace-sponsor":[],"yoast_head":"<!-- This site is optimized with the Yoast SEO plugin v22.6 - https:\/\/yoast.com\/wordpress\/plugins\/seo\/ -->\n<title>Ast\u0131m Hastal\u0131\u011f\u0131 ve Beslenme Tedavisi | Diyetlif Blog<\/title>\n<meta name=\"robots\" content=\"index, follow, max-snippet:-1, max-image-preview:large, max-video-preview:-1\" \/>\n<link rel=\"canonical\" href=\"https:\/\/diyetlif.com.tr\/blog\/astim-hastaligi-ve-beslenme-tedavisi\/\" \/>\n<meta property=\"og:locale\" content=\"tr_TR\" \/>\n<meta property=\"og:type\" content=\"article\" \/>\n<meta property=\"og:title\" content=\"Ast\u0131m Hastal\u0131\u011f\u0131 ve Beslenme Tedavisi | Diyetlif Blog\" \/>\n<meta property=\"og:description\" content=\"Ast\u0131m bron\u015flar\u0131n daralmas\u0131 ile karakterize nefes darl\u0131\u011f\u0131na sebep olan kronik bir hastal\u0131kt\u0131r. Annenin hamilelik d\u00f6neminde yanl\u0131\u015f beslenmesi, \u00e7ocukluk \u00e7a\u011f\u0131nda y\u00fcksek karbonhidrat t\u00fcketimi, diyette probiyotik besinlere yeterince yer verilmemesi, esansiyel ya\u011f asitlerinin t\u00fcketiminin azl\u0131\u011f\u0131, A,C,E ve D vitaminleri yetersizli\u011fi, sigara t\u00fcketimi, toz ve kimyasallara maruziyet ast\u0131m g\u00f6r\u00fclme s\u0131kl\u0131\u011f\u0131n\u0131 artt\u0131rabilmektedir. Diyette dikkat edilmesi gereken baz\u0131 detaylar, ast\u0131m [&hellip;] More\" \/>\n<meta property=\"og:url\" content=\"https:\/\/diyetlif.com.tr\/blog\/astim-hastaligi-ve-beslenme-tedavisi\/\" \/>\n<meta property=\"og:site_name\" content=\"Diyetlif Blog\" \/>\n<meta property=\"article:publisher\" content=\"https:\/\/www.facebook.com\/Diyetlif\" \/>\n<meta property=\"article:published_time\" content=\"2020-01-14T07:22:00+00:00\" \/>\n<meta property=\"article:modified_time\" content=\"2019-12-02T08:27:05+00:00\" \/>\n<meta property=\"og:image\" content=\"https:\/\/diyetlif.com.tr\/blog\/wp-content\/uploads\/2019\/11\/astim-hastaligi-ve-beslenme-tedavisi-1200x675.jpg\" \/>\n\t<meta property=\"og:image:width\" content=\"1200\" \/>\n\t<meta property=\"og:image:height\" content=\"675\" \/>\n\t<meta property=\"og:image:type\" content=\"image\/jpeg\" \/>\n<meta name=\"author\" content=\"Ay\u015fenur Akdeniz\" \/>\n<meta name=\"twitter:card\" content=\"summary_large_image\" \/>\n<meta name=\"twitter:creator\" content=\"@diyetlif\" \/>\n<meta name=\"twitter:site\" content=\"@diyetlif\" \/>\n<meta name=\"twitter:label1\" content=\"Yazan:\" \/>\n\t<meta name=\"twitter:data1\" content=\"Ay\u015fenur Akdeniz\" \/>\n\t<meta name=\"twitter:label2\" content=\"Tahmini okuma s\u00fcresi\" \/>\n\t<meta name=\"twitter:data2\" content=\"1 dakika\" \/>\n<script type=\"application\/ld+json\" class=\"yoast-schema-graph\">{\"@context\":\"https:\/\/schema.org\",\"@graph\":[{\"@type\":\"Article\",\"@id\":\"https:\/\/diyetlif.com.tr\/blog\/astim-hastaligi-ve-beslenme-tedavisi\/#article\",\"isPartOf\":{\"@id\":\"https:\/\/diyetlif.com.tr\/blog\/astim-hastaligi-ve-beslenme-tedavisi\/\"},\"author\":{\"name\":\"Ay\u015fenur Akdeniz\",\"@id\":\"https:\/\/diyetlif.com.tr\/blog\/#\/schema\/person\/d11b206785674fe0608c6834baec3bb9\"},\"headline\":\"Ast\u0131m Hastal\u0131\u011f\u0131 ve Beslenme Tedavisi\",\"datePublished\":\"2020-01-14T07:22:00+00:00\",\"dateModified\":\"2019-12-02T08:27:05+00:00\",\"mainEntityOfPage\":{\"@id\":\"https:\/\/diyetlif.com.tr\/blog\/astim-hastaligi-ve-beslenme-tedavisi\/\"},\"wordCount\":282,\"commentCount\":0,\"publisher\":{\"@id\":\"https:\/\/diyetlif.com.tr\/blog\/#organization\"},\"image\":{\"@id\":\"https:\/\/diyetlif.com.tr\/blog\/astim-hastaligi-ve-beslenme-tedavisi\/#primaryimage\"},\"thumbnailUrl\":\"https:\/\/diyetlif.com.tr\/blog\/wp-content\/uploads\/2019\/11\/astim-hastaligi-ve-beslenme-tedavisi-1200x675.jpg\",\"keywords\":[\"ast\u0131m\",\"ast\u0131m hastal\u0131\u011f\u0131\",\"ASTIM HASTALI\u011eI VE BESLENME TEDAV\u0130S\u0130\"],\"articleSection\":[\"Hastal\u0131k \/ Sa\u011fl\u0131k\"],\"inLanguage\":\"tr\",\"potentialAction\":[{\"@type\":\"CommentAction\",\"name\":\"Comment\",\"target\":[\"https:\/\/diyetlif.com.tr\/blog\/astim-hastaligi-ve-beslenme-tedavisi\/#respond\"]}]},{\"@type\":\"WebPage\",\"@id\":\"https:\/\/diyetlif.com.tr\/blog\/astim-hastaligi-ve-beslenme-tedavisi\/\",\"url\":\"https:\/\/diyetlif.com.tr\/blog\/astim-hastaligi-ve-beslenme-tedavisi\/\",\"name\":\"Ast\u0131m Hastal\u0131\u011f\u0131 ve Beslenme Tedavisi | Diyetlif Blog\",\"isPartOf\":{\"@id\":\"https:\/\/diyetlif.com.tr\/blog\/#website\"},\"primaryImageOfPage\":{\"@id\":\"https:\/\/diyetlif.com.tr\/blog\/astim-hastaligi-ve-beslenme-tedavisi\/#primaryimage\"},\"image\":{\"@id\":\"https:\/\/diyetlif.com.tr\/blog\/astim-hastaligi-ve-beslenme-tedavisi\/#primaryimage\"},\"thumbnailUrl\":\"https:\/\/diyetlif.com.tr\/blog\/wp-content\/uploads\/2019\/11\/astim-hastaligi-ve-beslenme-tedavisi-1200x675.jpg\",\"datePublished\":\"2020-01-14T07:22:00+00:00\",\"dateModified\":\"2019-12-02T08:27:05+00:00\",\"breadcrumb\":{\"@id\":\"https:\/\/diyetlif.com.tr\/blog\/astim-hastaligi-ve-beslenme-tedavisi\/#breadcrumb\"},\"inLanguage\":\"tr\",\"potentialAction\":[{\"@type\":\"ReadAction\",\"target\":[\"https:\/\/diyetlif.com.tr\/blog\/astim-hastaligi-ve-beslenme-tedavisi\/\"]}]},{\"@type\":\"ImageObject\",\"inLanguage\":\"tr\",\"@id\":\"https:\/\/diyetlif.com.tr\/blog\/astim-hastaligi-ve-beslenme-tedavisi\/#primaryimage\",\"url\":\"https:\/\/diyetlif.com.tr\/blog\/wp-content\/uploads\/2019\/11\/astim-hastaligi-ve-beslenme-tedavisi-1200x675.jpg\",\"contentUrl\":\"https:\/\/diyetlif.com.tr\/blog\/wp-content\/uploads\/2019\/11\/astim-hastaligi-ve-beslenme-tedavisi-1200x675.jpg\",\"width\":1200,\"height\":675},{\"@type\":\"BreadcrumbList\",\"@id\":\"https:\/\/diyetlif.com.tr\/blog\/astim-hastaligi-ve-beslenme-tedavisi\/#breadcrumb\",\"itemListElement\":[{\"@type\":\"ListItem\",\"position\":1,\"name\":\"Home\",\"item\":\"https:\/\/diyetlif.com.tr\/blog\/\"},{\"@type\":\"ListItem\",\"position\":2,\"name\":\"Ast\u0131m Hastal\u0131\u011f\u0131 ve Beslenme Tedavisi\"}]},{\"@type\":\"WebSite\",\"@id\":\"https:\/\/diyetlif.com.tr\/blog\/#website\",\"url\":\"https:\/\/diyetlif.com.tr\/blog\/\",\"name\":\"Diyetlif Blog\",\"description\":\"Diyetlif diyetisyen ve psikolog ekibinin haz\u0131rlad\u0131\u011f\u0131 sa\u011fl\u0131kl\u0131 ya\u015fam, kilo verme alma, psikoloji, beslenme blog yaz\u0131lar\u0131n\u0131 okuyun.\",\"publisher\":{\"@id\":\"https:\/\/diyetlif.com.tr\/blog\/#organization\"},\"potentialAction\":[{\"@type\":\"SearchAction\",\"target\":{\"@type\":\"EntryPoint\",\"urlTemplate\":\"https:\/\/diyetlif.com.tr\/blog\/?s={search_term_string}\"},\"query-input\":\"required name=search_term_string\"}],\"inLanguage\":\"tr\"},{\"@type\":\"Organization\",\"@id\":\"https:\/\/diyetlif.com.tr\/blog\/#organization\",\"name\":\"Diyetlif\",\"url\":\"https:\/\/diyetlif.com.tr\/blog\/\",\"logo\":{\"@type\":\"ImageObject\",\"inLanguage\":\"tr\",\"@id\":\"https:\/\/diyetlif.com.tr\/blog\/#\/schema\/logo\/image\/\",\"url\":\"https:\/\/diyetlif.com.tr\/blog\/wp-content\/uploads\/2022\/02\/diyetlif-diyet-diyetisyen-logo-220.png\",\"contentUrl\":\"https:\/\/diyetlif.com.tr\/blog\/wp-content\/uploads\/2022\/02\/diyetlif-diyet-diyetisyen-logo-220.png\",\"width\":220,\"height\":53,\"caption\":\"Diyetlif\"},\"image\":{\"@id\":\"https:\/\/diyetlif.com.tr\/blog\/#\/schema\/logo\/image\/\"},\"sameAs\":[\"https:\/\/www.facebook.com\/Diyetlif\",\"https:\/\/x.com\/diyetlif\",\"https:\/\/www.instagram.com\/diyetlif\/\",\"https:\/\/tr.linkedin.com\/company\/diyetlif\",\"https:\/\/tr.pinterest.com\/diyetlif\/\",\"https:\/\/www.youtube.com\/channel\/UCWbcFL5Q3DM5UV0Ttme9YzA\"]},{\"@type\":\"Person\",\"@id\":\"https:\/\/diyetlif.com.tr\/blog\/#\/schema\/person\/d11b206785674fe0608c6834baec3bb9\",\"name\":\"Ay\u015fenur Akdeniz\",\"image\":{\"@type\":\"ImageObject\",\"inLanguage\":\"tr\",\"@id\":\"https:\/\/diyetlif.com.tr\/blog\/#\/schema\/person\/image\/\",\"url\":\"https:\/\/secure.gravatar.com\/avatar\/93ae7c4a268ef3151ffa07def7e50745?s=96&d=mm&r=g\",\"contentUrl\":\"https:\/\/secure.gravatar.com\/avatar\/93ae7c4a268ef3151ffa07def7e50745?s=96&d=mm&r=g\",\"caption\":\"Ay\u015fenur Akdeniz\"},\"description\":\"Diyetisyen Ay\u015fenur Akdeniz, 1990 Bursa do\u011fumludur. \u00d6n lisans\u0131n\u0131 Uluda\u011f \u00dcniversitesi G\u0131da Teknolojisi B\u00f6l\u00fcm\u00fcnde tamamlayan Akdeniz, lisans\u0131n\u0131 ise Hacettepe \u00dcniversitesi Beslenme ve Diyetetik B\u00f6l\u00fcm\u00fcnde tamamlayarak diyetisyen unvan\u0131n\u0131 almaya hak kazanm\u0131\u015ft\u0131r. B\u00fcy\u00fck \u00f6l\u00e7ekli g\u0131da imalathaneleri ve catering \u015firketlerinde deneyimi olan Diyetisyen Akdeniz ayn\u0131 zamanda Hacettepe \u00dcniversitesi Yeti\u015fkin Hastanesi, Ankara Y\u00fcksek \u0130htisas E\u011fitim ve Ara\u015ft\u0131rma Hastanesi, Dr. Sami Ulus E\u011fitim ve Ara\u015ft\u0131rma Hastanesi ve Hacettepe \u0130hsan Do\u011framac\u0131 \u00c7ocuk Hastanesi gibi T\u00fcrkiye\u2019nin \u00f6nde gelen sa\u011fl\u0131k kurulu\u015flar\u0131nda da faaliyetlerde bulunmu\u015ftur. ISO 22000:2005 G\u0131da G\u00fcvenli\u011fi Y\u00f6netim Sistemi Sertifikas\u0131, Kalitest E\u011fitim ve Ba\u015far\u0131 Sertifikas\u0131, Temel \u0130\u015faret Dili ve \u0130lk Yard\u0131m E\u011fitimi sertifikalar\u0131na sahip olan Diyetisyen Ay\u015fenur Akdeniz evli ve 1 \u00e7ocuk sahibidir.\",\"sameAs\":[\"https:\/\/diyetlif.com.tr\/\"],\"url\":\"https:\/\/diyetlif.com.tr\/blog\/author\/aysenur\/\"}]}<\/script>\n<!-- \/ Yoast SEO plugin. -->","yoast_head_json":{"title":"Ast\u0131m Hastal\u0131\u011f\u0131 ve Beslenme Tedavisi | Diyetlif Blog","robots":{"index":"index","follow":"follow","max-snippet":"max-snippet:-1","max-image-preview":"max-image-preview:large","max-video-preview":"max-video-preview:-1"},"canonical":"https:\/\/diyetlif.com.tr\/blog\/astim-hastaligi-ve-beslenme-tedavisi\/","og_locale":"tr_TR","og_type":"article","og_title":"Ast\u0131m Hastal\u0131\u011f\u0131 ve Beslenme Tedavisi | Diyetlif Blog","og_description":"Ast\u0131m bron\u015flar\u0131n daralmas\u0131 ile karakterize nefes darl\u0131\u011f\u0131na sebep olan kronik bir hastal\u0131kt\u0131r. Annenin hamilelik d\u00f6neminde yanl\u0131\u015f beslenmesi, \u00e7ocukluk \u00e7a\u011f\u0131nda y\u00fcksek karbonhidrat t\u00fcketimi, diyette probiyotik besinlere yeterince yer verilmemesi, esansiyel ya\u011f asitlerinin t\u00fcketiminin azl\u0131\u011f\u0131, A,C,E ve D vitaminleri yetersizli\u011fi, sigara t\u00fcketimi, toz ve kimyasallara maruziyet ast\u0131m g\u00f6r\u00fclme s\u0131kl\u0131\u011f\u0131n\u0131 artt\u0131rabilmektedir. Diyette dikkat edilmesi gereken baz\u0131 detaylar, ast\u0131m [&hellip;] More","og_url":"https:\/\/diyetlif.com.tr\/blog\/astim-hastaligi-ve-beslenme-tedavisi\/","og_site_name":"Diyetlif Blog","article_publisher":"https:\/\/www.facebook.com\/Diyetlif","article_published_time":"2020-01-14T07:22:00+00:00","article_modified_time":"2019-12-02T08:27:05+00:00","og_image":[{"width":1200,"height":675,"url":"https:\/\/diyetlif.com.tr\/blog\/wp-content\/uploads\/2019\/11\/astim-hastaligi-ve-beslenme-tedavisi-1200x675.jpg","type":"image\/jpeg"}],"author":"Ay\u015fenur Akdeniz","twitter_card":"summary_large_image","twitter_creator":"@diyetlif","twitter_site":"@diyetlif","twitter_misc":{"Yazan:":"Ay\u015fenur Akdeniz","Tahmini okuma s\u00fcresi":"1 dakika"},"schema":{"@context":"https:\/\/schema.org","@graph":[{"@type":"Article","@id":"https:\/\/diyetlif.com.tr\/blog\/astim-hastaligi-ve-beslenme-tedavisi\/#article","isPartOf":{"@id":"https:\/\/diyetlif.com.tr\/blog\/astim-hastaligi-ve-beslenme-tedavisi\/"},"author":{"name":"Ay\u015fenur Akdeniz","@id":"https:\/\/diyetlif.com.tr\/blog\/#\/schema\/person\/d11b206785674fe0608c6834baec3bb9"},"headline":"Ast\u0131m Hastal\u0131\u011f\u0131 ve Beslenme Tedavisi","datePublished":"2020-01-14T07:22:00+00:00","dateModified":"2019-12-02T08:27:05+00:00","mainEntityOfPage":{"@id":"https:\/\/diyetlif.com.tr\/blog\/astim-hastaligi-ve-beslenme-tedavisi\/"},"wordCount":282,"commentCount":0,"publisher":{"@id":"https:\/\/diyetlif.com.tr\/blog\/#organization"},"image":{"@id":"https:\/\/diyetlif.com.tr\/blog\/astim-hastaligi-ve-beslenme-tedavisi\/#primaryimage"},"thumbnailUrl":"https:\/\/diyetlif.com.tr\/blog\/wp-content\/uploads\/2019\/11\/astim-hastaligi-ve-beslenme-tedavisi-1200x675.jpg","keywords":["ast\u0131m","ast\u0131m hastal\u0131\u011f\u0131","ASTIM HASTALI\u011eI VE BESLENME TEDAV\u0130S\u0130"],"articleSection":["Hastal\u0131k \/ Sa\u011fl\u0131k"],"inLanguage":"tr","potentialAction":[{"@type":"CommentAction","name":"Comment","target":["https:\/\/diyetlif.com.tr\/blog\/astim-hastaligi-ve-beslenme-tedavisi\/#respond"]}]},{"@type":"WebPage","@id":"https:\/\/diyetlif.com.tr\/blog\/astim-hastaligi-ve-beslenme-tedavisi\/","url":"https:\/\/diyetlif.com.tr\/blog\/astim-hastaligi-ve-beslenme-tedavisi\/","name":"Ast\u0131m Hastal\u0131\u011f\u0131 ve Beslenme Tedavisi | Diyetlif Blog","isPartOf":{"@id":"https:\/\/diyetlif.com.tr\/blog\/#website"},"primaryImageOfPage":{"@id":"https:\/\/diyetlif.com.tr\/blog\/astim-hastaligi-ve-beslenme-tedavisi\/#primaryimage"},"image":{"@id":"https:\/\/diyetlif.com.tr\/blog\/astim-hastaligi-ve-beslenme-tedavisi\/#primaryimage"},"thumbnailUrl":"https:\/\/diyetlif.com.tr\/blog\/wp-content\/uploads\/2019\/11\/astim-hastaligi-ve-beslenme-tedavisi-1200x675.jpg","datePublished":"2020-01-14T07:22:00+00:00","dateModified":"2019-12-02T08:27:05+00:00","breadcrumb":{"@id":"https:\/\/diyetlif.com.tr\/blog\/astim-hastaligi-ve-beslenme-tedavisi\/#breadcrumb"},"inLanguage":"tr","potentialAction":[{"@type":"ReadAction","target":["https:\/\/diyetlif.com.tr\/blog\/astim-hastaligi-ve-beslenme-tedavisi\/"]}]},{"@type":"ImageObject","inLanguage":"tr","@id":"https:\/\/diyetlif.com.tr\/blog\/astim-hastaligi-ve-beslenme-tedavisi\/#primaryimage","url":"https:\/\/diyetlif.com.tr\/blog\/wp-content\/uploads\/2019\/11\/astim-hastaligi-ve-beslenme-tedavisi-1200x675.jpg","contentUrl":"https:\/\/diyetlif.com.tr\/blog\/wp-content\/uploads\/2019\/11\/astim-hastaligi-ve-beslenme-tedavisi-1200x675.jpg","width":1200,"height":675},{"@type":"BreadcrumbList","@id":"https:\/\/diyetlif.com.tr\/blog\/astim-hastaligi-ve-beslenme-tedavisi\/#breadcrumb","itemListElement":[{"@type":"ListItem","position":1,"name":"Home","item":"https:\/\/diyetlif.com.tr\/blog\/"},{"@type":"ListItem","position":2,"name":"Ast\u0131m Hastal\u0131\u011f\u0131 ve Beslenme Tedavisi"}]},{"@type":"WebSite","@id":"https:\/\/diyetlif.com.tr\/blog\/#website","url":"https:\/\/diyetlif.com.tr\/blog\/","name":"Diyetlif Blog","description":"Diyetlif diyetisyen ve psikolog ekibinin haz\u0131rlad\u0131\u011f\u0131 sa\u011fl\u0131kl\u0131 ya\u015fam, kilo verme alma, psikoloji, beslenme blog yaz\u0131lar\u0131n\u0131 okuyun.","publisher":{"@id":"https:\/\/diyetlif.com.tr\/blog\/#organization"},"potentialAction":[{"@type":"SearchAction","target":{"@type":"EntryPoint","urlTemplate":"https:\/\/diyetlif.com.tr\/blog\/?s={search_term_string}"},"query-input":"required name=search_term_string"}],"inLanguage":"tr"},{"@type":"Organization","@id":"https:\/\/diyetlif.com.tr\/blog\/#organization","name":"Diyetlif","url":"https:\/\/diyetlif.com.tr\/blog\/","logo":{"@type":"ImageObject","inLanguage":"tr","@id":"https:\/\/diyetlif.com.tr\/blog\/#\/schema\/logo\/image\/","url":"https:\/\/diyetlif.com.tr\/blog\/wp-content\/uploads\/2022\/02\/diyetlif-diyet-diyetisyen-logo-220.png","contentUrl":"https:\/\/diyetlif.com.tr\/blog\/wp-content\/uploads\/2022\/02\/diyetlif-diyet-diyetisyen-logo-220.png","width":220,"height":53,"caption":"Diyetlif"},"image":{"@id":"https:\/\/diyetlif.com.tr\/blog\/#\/schema\/logo\/image\/"},"sameAs":["https:\/\/www.facebook.com\/Diyetlif","https:\/\/x.com\/diyetlif","https:\/\/www.instagram.com\/diyetlif\/","https:\/\/tr.linkedin.com\/company\/diyetlif","https:\/\/tr.pinterest.com\/diyetlif\/","https:\/\/www.youtube.com\/channel\/UCWbcFL5Q3DM5UV0Ttme9YzA"]},{"@type":"Person","@id":"https:\/\/diyetlif.com.tr\/blog\/#\/schema\/person\/d11b206785674fe0608c6834baec3bb9","name":"Ay\u015fenur Akdeniz","image":{"@type":"ImageObject","inLanguage":"tr","@id":"https:\/\/diyetlif.com.tr\/blog\/#\/schema\/person\/image\/","url":"https:\/\/secure.gravatar.com\/avatar\/93ae7c4a268ef3151ffa07def7e50745?s=96&d=mm&r=g","contentUrl":"https:\/\/secure.gravatar.com\/avatar\/93ae7c4a268ef3151ffa07def7e50745?s=96&d=mm&r=g","caption":"Ay\u015fenur Akdeniz"},"description":"Diyetisyen Ay\u015fenur Akdeniz, 1990 Bursa do\u011fumludur. \u00d6n lisans\u0131n\u0131 Uluda\u011f \u00dcniversitesi G\u0131da Teknolojisi B\u00f6l\u00fcm\u00fcnde tamamlayan Akdeniz, lisans\u0131n\u0131 ise Hacettepe \u00dcniversitesi Beslenme ve Diyetetik B\u00f6l\u00fcm\u00fcnde tamamlayarak diyetisyen unvan\u0131n\u0131 almaya hak kazanm\u0131\u015ft\u0131r. B\u00fcy\u00fck \u00f6l\u00e7ekli g\u0131da imalathaneleri ve catering \u015firketlerinde deneyimi olan Diyetisyen Akdeniz ayn\u0131 zamanda Hacettepe \u00dcniversitesi Yeti\u015fkin Hastanesi, Ankara Y\u00fcksek \u0130htisas E\u011fitim ve Ara\u015ft\u0131rma Hastanesi, Dr. Sami Ulus E\u011fitim ve Ara\u015ft\u0131rma Hastanesi ve Hacettepe \u0130hsan Do\u011framac\u0131 \u00c7ocuk Hastanesi gibi T\u00fcrkiye\u2019nin \u00f6nde gelen sa\u011fl\u0131k kurulu\u015flar\u0131nda da faaliyetlerde bulunmu\u015ftur. ISO 22000:2005 G\u0131da G\u00fcvenli\u011fi Y\u00f6netim Sistemi Sertifikas\u0131, Kalitest E\u011fitim ve Ba\u015far\u0131 Sertifikas\u0131, Temel \u0130\u015faret Dili ve \u0130lk Yard\u0131m E\u011fitimi sertifikalar\u0131na sahip olan Diyetisyen Ay\u015fenur Akdeniz evli ve 1 \u00e7ocuk sahibidir.","sameAs":["https:\/\/diyetlif.com.tr\/"],"url":"https:\/\/diyetlif.com.tr\/blog\/author\/aysenur\/"}]}},"amp_enabled":true,"_links":{"self":[{"href":"https:\/\/diyetlif.com.tr\/blog\/wp-json\/wp\/v2\/posts\/5916"}],"collection":[{"href":"https:\/\/diyetlif.com.tr\/blog\/wp-json\/wp\/v2\/posts"}],"about":[{"href":"https:\/\/diyetlif.com.tr\/blog\/wp-json\/wp\/v2\/types\/post"}],"author":[{"embeddable":true,"href":"https:\/\/diyetlif.com.tr\/blog\/wp-json\/wp\/v2\/users\/4"}],"replies":[{"embeddable":true,"href":"https:\/\/diyetlif.com.tr\/blog\/wp-json\/wp\/v2\/comments?post=5916"}],"version-history":[{"count":2,"href":"https:\/\/diyetlif.com.tr\/blog\/wp-json\/wp\/v2\/posts\/5916\/revisions"}],"predecessor-version":[{"id":6142,"href":"https:\/\/diyetlif.com.tr\/blog\/wp-json\/wp\/v2\/posts\/5916\/revisions\/6142"}],"wp:featuredmedia":[{"embeddable":true,"href":"https:\/\/diyetlif.com.tr\/blog\/wp-json\/wp\/v2\/media\/5917"}],"wp:attachment":[{"href":"https:\/\/diyetlif.com.tr\/blog\/wp-json\/wp\/v2\/media?parent=5916"}],"wp:term":[{"taxonomy":"category","embeddable":true,"href":"https:\/\/diyetlif.com.tr\/blog\/wp-json\/wp\/v2\/categories?post=5916"},{"taxonomy":"post_tag","embeddable":true,"href":"https:\/\/diyetlif.com.tr\/blog\/wp-json\/wp\/v2\/tags?post=5916"},{"taxonomy":"adace-sponsor","embeddable":true,"href":"https:\/\/diyetlif.com.tr\/blog\/wp-json\/wp\/v2\/adace-sponsor?post=5916"}],"curies":[{"name":"wp","href":"https:\/\/api.w.org\/{rel}","templated":true}]}}