{"id":5912,"date":"2019-12-21T10:09:00","date_gmt":"2019-12-21T07:09:00","guid":{"rendered":"http:\/\/diyetlif.com.tr\/blog\/?p=5912"},"modified":"2019-12-17T10:48:57","modified_gmt":"2019-12-17T07:48:57","slug":"alzheimer-hastaligi-ve-beslenme","status":"publish","type":"post","link":"https:\/\/diyetlif.com.tr\/blog\/alzheimer-hastaligi-ve-beslenme\/","title":{"rendered":"Alzheimer Hastal\u0131\u011f\u0131 ve Beslenme"},"content":{"rendered":"\n<p>Alzheimer hastal\u0131\u011f\u0131 d\u00fcnya \u00e7ap\u0131nda demans\u0131n en \u00f6nemli\nnedenlerinden biri olan ilerleyici n\u00f6rodejeneratif bir hastal\u0131kt\u0131r. En \u00f6nemli\nrisk fat\u00f6r\u00fc ya\u015ft\u0131r. T\u00fcrkiyede 70 ya\u015f \u00fczeri bireylerde alzheimer hastal\u0131\u011f\u0131 prevelans\u0131\n% 11\u2019dir. Diyabet, ApoES4 alleli, sigara kullan\u0131m\u0131 ve depresyon gibi etkenlerin\nalzheimer hastal\u0131\u011f\u0131 g\u00f6r\u00fclme s\u0131kl\u0131\u011f\u0131n\u0131 artt\u0131rd\u0131\u011f\u0131 bilinmektedir.<\/p>\n\n\n\n<p>Diyet ve alzheimer hastal\u0131\u011f\u0131 aras\u0131ndaki aras\u0131ndaki\nili\u015fkiyi g\u00f6steren \u00e7al\u0131\u015fmalar g\u00fcn ge\u00e7tik\u00e7e artmaktad\u0131r. Hastal\u0131\u011f\u0131n \u00f6nlenmesinde\ntek ba\u015f\u0131na bir besin ya da tek bir vitamin mineralin etkisi yoktur. Genel\nolarak daha az i\u015flenmi\u015f karbonhidrat, daha fazla sa\u011fl\u0131kl\u0131 ya\u011flar\u0131 i\u00e7eren diyet\nt\u00fcketilmesi \u00f6nerilir. Bunun yan\u0131nda bir \u00e7ok besin \u00f6\u011fesinin de koruyucu etkisi\nvard\u0131r. A vitamini ve \u03b2-karoten,&nbsp; A\u03b2\noligomerleri ve fibrillerin olu\u015fumunu inhibe ederek alzheimer hastal\u0131\u011f\u0131n\u0131n\n\u00f6nlenmesinde \u00f6nemli rol oynamaktad\u0131r. Ayn\u0131 zamanda y\u00fcksek \u03b2-karoten y\u00fcksek\nhaf\u0131za ile ili\u015fkilidir. E vitamini de oksidatif stresi azaltarak n\u00f6rokoruyucu\netki g\u00f6stermektedir. Selenyum mineralinin antioksidan \u00f6zelli\u011fi sayesinde\nalzheimer hastal\u0131\u011f\u0131ndan koruyucu etkisi bulunmaktad\u0131r. B grubu vitaminleri de\noksidatif stresi ve homosistein konsantrasyonunu azaltarak Alzheimer\nhastal\u0131\u011f\u0131n\u0131n \u00f6nlenmesine katk\u0131 sa\u011flamaktad\u0131r. \u00c7inko eksikli\u011finin de bili\u015fsel\nfonksiyon ile ili\u015fkili oldu\u011fu g\u00f6sterilmi\u015ftir.<\/p>\n\n\n\n<p>Alzheimer hastal\u0131\u011f\u0131nda y\u00fcksek karbonhidrat ve \u015feker\ni\u00e7eren i\u015flenmi\u015f \u00fcr\u00fcnlerden uzak bir beslenme bi\u00e7imini benimsemek gerekir.\nYap\u0131lan \u00e7al\u0131\u015fmalar bal\u0131k t\u00fcketiminin demans ve alzheimer hastal\u0131\u011f\u0131 riskini\nazaltt\u0131\u011f\u0131n\u0131 g\u00f6stermektedir. Meyve ve sebze t\u00fcketiminin s\u0131k olmas\u0131 da\ni\u00e7erisindeki biyoaktif bile\u015fenler sayesinde demans ve alzheimer hastal\u0131\u011f\u0131\nriskini azaltmaktad\u0131r. S\u00fct ve s\u00fct \u00fcr\u00fcnleri y\u00fcksek fosfor ve magnezyum\ni\u00e7eri\u011fiyle bili\u015fsel bozukluklara sebep olan beyindeki de\u011fi\u015fimleri azaltarak\nhastal\u0131k riskini azalt\u0131c\u0131 etkisi bulunmaktad\u0131r. Kahve ve \u00e7ay t\u00fcketiminin de\nalzheimer hastal\u0131\u011f\u0131n\u0131 azalt\u0131c\u0131 etkisi bildirilmi\u015ftir.<\/p>\n\n\n\n<p>Alzheimer hastalar\u0131n\u0131n genel beslenme al\u0131\u015fkanl\u0131klar\u0131na\nbak\u0131ld\u0131\u011f\u0131nda doymu\u015f ya\u011f, kolesterol, ve rafine \u015feker i\u00e7eri\u011fi y\u00fcksek besinleri\ndaha \u00e7ok tercih ettikleri g\u00f6r\u00fclm\u00fc\u015ft\u00fcr. Hastal\u0131\u011f\u0131 \u00f6nlemede doymu\u015f ya\u011flar\u0131n\nazalt\u0131l\u0131p yerine doymam\u0131\u015f ya\u011flar\u0131n tercih edilmesi, daha s\u0131k meyve-sebze\nt\u00fcketimi, haftada 2-3 kez bal\u0131k t\u00fcketimi, i\u015flenmi\u015f \u00fcr\u00fcnlerden uzak durulmas\u0131\ngibi beslenme de\u011fi\u015fiklikleri etkili olacakt\u0131r.<\/p>\n","protected":false},"excerpt":{"rendered":"<p>Alzheimer hastal\u0131\u011f\u0131 d\u00fcnya \u00e7ap\u0131nda demans\u0131n en \u00f6nemli nedenlerinden biri olan ilerleyici n\u00f6rodejeneratif bir hastal\u0131kt\u0131r. En \u00f6nemli risk fat\u00f6r\u00fc ya\u015ft\u0131r. T\u00fcrkiyede 70 ya\u015f \u00fczeri bireylerde alzheimer hastal\u0131\u011f\u0131 prevelans\u0131 % 11\u2019dir. Diyabet, ApoES4 alleli, sigara kullan\u0131m\u0131 ve depresyon gibi etkenlerin alzheimer hastal\u0131\u011f\u0131 g\u00f6r\u00fclme s\u0131kl\u0131\u011f\u0131n\u0131 artt\u0131rd\u0131\u011f\u0131 bilinmektedir. Diyet ve alzheimer hastal\u0131\u011f\u0131 aras\u0131ndaki aras\u0131ndaki ili\u015fkiyi g\u00f6steren \u00e7al\u0131\u015fmalar g\u00fcn ge\u00e7tik\u00e7e [&hellip;] <a class=\"g1-link g1-link-more\" href=\"https:\/\/diyetlif.com.tr\/blog\/alzheimer-hastaligi-ve-beslenme\/\">More<\/a><\/p>\n","protected":false},"author":4,"featured_media":5914,"comment_status":"open","ping_status":"open","sticky":false,"template":"","format":"standard","meta":{"footnotes":""},"categories":[231],"tags":[430,431,432],"adace-sponsor":[],"yoast_head":"<!-- This site is optimized with the Yoast SEO plugin v22.6 - https:\/\/yoast.com\/wordpress\/plugins\/seo\/ -->\n<title>Alzheimer Hastal\u0131\u011f\u0131 ve Beslenme | Diyetlif Blog<\/title>\n<meta name=\"robots\" content=\"index, follow, max-snippet:-1, max-image-preview:large, max-video-preview:-1\" \/>\n<link rel=\"canonical\" href=\"https:\/\/diyetlif.com.tr\/blog\/alzheimer-hastaligi-ve-beslenme\/\" \/>\n<meta property=\"og:locale\" content=\"tr_TR\" \/>\n<meta property=\"og:type\" content=\"article\" \/>\n<meta property=\"og:title\" content=\"Alzheimer Hastal\u0131\u011f\u0131 ve Beslenme | Diyetlif Blog\" \/>\n<meta property=\"og:description\" content=\"Alzheimer hastal\u0131\u011f\u0131 d\u00fcnya \u00e7ap\u0131nda demans\u0131n en \u00f6nemli nedenlerinden biri olan ilerleyici n\u00f6rodejeneratif bir hastal\u0131kt\u0131r. En \u00f6nemli risk fat\u00f6r\u00fc ya\u015ft\u0131r. T\u00fcrkiyede 70 ya\u015f \u00fczeri bireylerde alzheimer hastal\u0131\u011f\u0131 prevelans\u0131 % 11\u2019dir. Diyabet, ApoES4 alleli, sigara kullan\u0131m\u0131 ve depresyon gibi etkenlerin alzheimer hastal\u0131\u011f\u0131 g\u00f6r\u00fclme s\u0131kl\u0131\u011f\u0131n\u0131 artt\u0131rd\u0131\u011f\u0131 bilinmektedir. Diyet ve alzheimer hastal\u0131\u011f\u0131 aras\u0131ndaki aras\u0131ndaki ili\u015fkiyi g\u00f6steren \u00e7al\u0131\u015fmalar g\u00fcn ge\u00e7tik\u00e7e [&hellip;] More\" \/>\n<meta property=\"og:url\" content=\"https:\/\/diyetlif.com.tr\/blog\/alzheimer-hastaligi-ve-beslenme\/\" \/>\n<meta property=\"og:site_name\" content=\"Diyetlif Blog\" \/>\n<meta property=\"article:publisher\" content=\"https:\/\/www.facebook.com\/Diyetlif\" \/>\n<meta property=\"article:published_time\" content=\"2019-12-21T07:09:00+00:00\" \/>\n<meta property=\"article:modified_time\" content=\"2019-12-17T07:48:57+00:00\" \/>\n<meta property=\"og:image\" content=\"https:\/\/diyetlif.com.tr\/blog\/wp-content\/uploads\/2019\/11\/alzheimer-hastaligi-ve-beslenme.jpg\" \/>\n\t<meta property=\"og:image:width\" content=\"1200\" \/>\n\t<meta property=\"og:image:height\" content=\"675\" \/>\n\t<meta property=\"og:image:type\" content=\"image\/jpeg\" \/>\n<meta name=\"author\" content=\"Ay\u015fenur Akdeniz\" \/>\n<meta name=\"twitter:card\" content=\"summary_large_image\" \/>\n<meta name=\"twitter:creator\" content=\"@diyetlif\" \/>\n<meta name=\"twitter:site\" content=\"@diyetlif\" \/>\n<meta name=\"twitter:label1\" content=\"Yazan:\" \/>\n\t<meta name=\"twitter:data1\" content=\"Ay\u015fenur Akdeniz\" \/>\n\t<meta name=\"twitter:label2\" content=\"Tahmini okuma s\u00fcresi\" \/>\n\t<meta name=\"twitter:data2\" content=\"2 dakika\" \/>\n<script type=\"application\/ld+json\" class=\"yoast-schema-graph\">{\"@context\":\"https:\/\/schema.org\",\"@graph\":[{\"@type\":\"Article\",\"@id\":\"https:\/\/diyetlif.com.tr\/blog\/alzheimer-hastaligi-ve-beslenme\/#article\",\"isPartOf\":{\"@id\":\"https:\/\/diyetlif.com.tr\/blog\/alzheimer-hastaligi-ve-beslenme\/\"},\"author\":{\"name\":\"Ay\u015fenur Akdeniz\",\"@id\":\"https:\/\/diyetlif.com.tr\/blog\/#\/schema\/person\/d11b206785674fe0608c6834baec3bb9\"},\"headline\":\"Alzheimer Hastal\u0131\u011f\u0131 ve Beslenme\",\"datePublished\":\"2019-12-21T07:09:00+00:00\",\"dateModified\":\"2019-12-17T07:48:57+00:00\",\"mainEntityOfPage\":{\"@id\":\"https:\/\/diyetlif.com.tr\/blog\/alzheimer-hastaligi-ve-beslenme\/\"},\"wordCount\":407,\"commentCount\":0,\"publisher\":{\"@id\":\"https:\/\/diyetlif.com.tr\/blog\/#organization\"},\"image\":{\"@id\":\"https:\/\/diyetlif.com.tr\/blog\/alzheimer-hastaligi-ve-beslenme\/#primaryimage\"},\"thumbnailUrl\":\"https:\/\/diyetlif.com.tr\/blog\/wp-content\/uploads\/2019\/11\/alzheimer-hastaligi-ve-beslenme.jpg\",\"keywords\":[\"Alzheimer\",\"ALZHE\u0130MER HASTALI\u011eI\",\"ALZHE\u0130MER HASTALI\u011eI VE BESLENME\"],\"articleSection\":[\"Hastal\u0131k \/ Sa\u011fl\u0131k\"],\"inLanguage\":\"tr\",\"potentialAction\":[{\"@type\":\"CommentAction\",\"name\":\"Comment\",\"target\":[\"https:\/\/diyetlif.com.tr\/blog\/alzheimer-hastaligi-ve-beslenme\/#respond\"]}]},{\"@type\":\"WebPage\",\"@id\":\"https:\/\/diyetlif.com.tr\/blog\/alzheimer-hastaligi-ve-beslenme\/\",\"url\":\"https:\/\/diyetlif.com.tr\/blog\/alzheimer-hastaligi-ve-beslenme\/\",\"name\":\"Alzheimer Hastal\u0131\u011f\u0131 ve Beslenme | Diyetlif Blog\",\"isPartOf\":{\"@id\":\"https:\/\/diyetlif.com.tr\/blog\/#website\"},\"primaryImageOfPage\":{\"@id\":\"https:\/\/diyetlif.com.tr\/blog\/alzheimer-hastaligi-ve-beslenme\/#primaryimage\"},\"image\":{\"@id\":\"https:\/\/diyetlif.com.tr\/blog\/alzheimer-hastaligi-ve-beslenme\/#primaryimage\"},\"thumbnailUrl\":\"https:\/\/diyetlif.com.tr\/blog\/wp-content\/uploads\/2019\/11\/alzheimer-hastaligi-ve-beslenme.jpg\",\"datePublished\":\"2019-12-21T07:09:00+00:00\",\"dateModified\":\"2019-12-17T07:48:57+00:00\",\"breadcrumb\":{\"@id\":\"https:\/\/diyetlif.com.tr\/blog\/alzheimer-hastaligi-ve-beslenme\/#breadcrumb\"},\"inLanguage\":\"tr\",\"potentialAction\":[{\"@type\":\"ReadAction\",\"target\":[\"https:\/\/diyetlif.com.tr\/blog\/alzheimer-hastaligi-ve-beslenme\/\"]}]},{\"@type\":\"ImageObject\",\"inLanguage\":\"tr\",\"@id\":\"https:\/\/diyetlif.com.tr\/blog\/alzheimer-hastaligi-ve-beslenme\/#primaryimage\",\"url\":\"https:\/\/diyetlif.com.tr\/blog\/wp-content\/uploads\/2019\/11\/alzheimer-hastaligi-ve-beslenme.jpg\",\"contentUrl\":\"https:\/\/diyetlif.com.tr\/blog\/wp-content\/uploads\/2019\/11\/alzheimer-hastaligi-ve-beslenme.jpg\",\"width\":1200,\"height\":675},{\"@type\":\"BreadcrumbList\",\"@id\":\"https:\/\/diyetlif.com.tr\/blog\/alzheimer-hastaligi-ve-beslenme\/#breadcrumb\",\"itemListElement\":[{\"@type\":\"ListItem\",\"position\":1,\"name\":\"Home\",\"item\":\"https:\/\/diyetlif.com.tr\/blog\/\"},{\"@type\":\"ListItem\",\"position\":2,\"name\":\"Alzheimer Hastal\u0131\u011f\u0131 ve Beslenme\"}]},{\"@type\":\"WebSite\",\"@id\":\"https:\/\/diyetlif.com.tr\/blog\/#website\",\"url\":\"https:\/\/diyetlif.com.tr\/blog\/\",\"name\":\"Diyetlif Blog\",\"description\":\"Diyetlif diyetisyen ve psikolog ekibinin haz\u0131rlad\u0131\u011f\u0131 sa\u011fl\u0131kl\u0131 ya\u015fam, kilo verme alma, psikoloji, beslenme blog yaz\u0131lar\u0131n\u0131 okuyun.\",\"publisher\":{\"@id\":\"https:\/\/diyetlif.com.tr\/blog\/#organization\"},\"potentialAction\":[{\"@type\":\"SearchAction\",\"target\":{\"@type\":\"EntryPoint\",\"urlTemplate\":\"https:\/\/diyetlif.com.tr\/blog\/?s={search_term_string}\"},\"query-input\":\"required name=search_term_string\"}],\"inLanguage\":\"tr\"},{\"@type\":\"Organization\",\"@id\":\"https:\/\/diyetlif.com.tr\/blog\/#organization\",\"name\":\"Diyetlif\",\"url\":\"https:\/\/diyetlif.com.tr\/blog\/\",\"logo\":{\"@type\":\"ImageObject\",\"inLanguage\":\"tr\",\"@id\":\"https:\/\/diyetlif.com.tr\/blog\/#\/schema\/logo\/image\/\",\"url\":\"https:\/\/diyetlif.com.tr\/blog\/wp-content\/uploads\/2022\/02\/diyetlif-diyet-diyetisyen-logo-220.png\",\"contentUrl\":\"https:\/\/diyetlif.com.tr\/blog\/wp-content\/uploads\/2022\/02\/diyetlif-diyet-diyetisyen-logo-220.png\",\"width\":220,\"height\":53,\"caption\":\"Diyetlif\"},\"image\":{\"@id\":\"https:\/\/diyetlif.com.tr\/blog\/#\/schema\/logo\/image\/\"},\"sameAs\":[\"https:\/\/www.facebook.com\/Diyetlif\",\"https:\/\/x.com\/diyetlif\",\"https:\/\/www.instagram.com\/diyetlif\/\",\"https:\/\/tr.linkedin.com\/company\/diyetlif\",\"https:\/\/tr.pinterest.com\/diyetlif\/\",\"https:\/\/www.youtube.com\/channel\/UCWbcFL5Q3DM5UV0Ttme9YzA\"]},{\"@type\":\"Person\",\"@id\":\"https:\/\/diyetlif.com.tr\/blog\/#\/schema\/person\/d11b206785674fe0608c6834baec3bb9\",\"name\":\"Ay\u015fenur Akdeniz\",\"image\":{\"@type\":\"ImageObject\",\"inLanguage\":\"tr\",\"@id\":\"https:\/\/diyetlif.com.tr\/blog\/#\/schema\/person\/image\/\",\"url\":\"https:\/\/secure.gravatar.com\/avatar\/93ae7c4a268ef3151ffa07def7e50745?s=96&d=mm&r=g\",\"contentUrl\":\"https:\/\/secure.gravatar.com\/avatar\/93ae7c4a268ef3151ffa07def7e50745?s=96&d=mm&r=g\",\"caption\":\"Ay\u015fenur Akdeniz\"},\"description\":\"Diyetisyen Ay\u015fenur Akdeniz, 1990 Bursa do\u011fumludur. \u00d6n lisans\u0131n\u0131 Uluda\u011f \u00dcniversitesi G\u0131da Teknolojisi B\u00f6l\u00fcm\u00fcnde tamamlayan Akdeniz, lisans\u0131n\u0131 ise Hacettepe \u00dcniversitesi Beslenme ve Diyetetik B\u00f6l\u00fcm\u00fcnde tamamlayarak diyetisyen unvan\u0131n\u0131 almaya hak kazanm\u0131\u015ft\u0131r. B\u00fcy\u00fck \u00f6l\u00e7ekli g\u0131da imalathaneleri ve catering \u015firketlerinde deneyimi olan Diyetisyen Akdeniz ayn\u0131 zamanda Hacettepe \u00dcniversitesi Yeti\u015fkin Hastanesi, Ankara Y\u00fcksek \u0130htisas E\u011fitim ve Ara\u015ft\u0131rma Hastanesi, Dr. Sami Ulus E\u011fitim ve Ara\u015ft\u0131rma Hastanesi ve Hacettepe \u0130hsan Do\u011framac\u0131 \u00c7ocuk Hastanesi gibi T\u00fcrkiye\u2019nin \u00f6nde gelen sa\u011fl\u0131k kurulu\u015flar\u0131nda da faaliyetlerde bulunmu\u015ftur. ISO 22000:2005 G\u0131da G\u00fcvenli\u011fi Y\u00f6netim Sistemi Sertifikas\u0131, Kalitest E\u011fitim ve Ba\u015far\u0131 Sertifikas\u0131, Temel \u0130\u015faret Dili ve \u0130lk Yard\u0131m E\u011fitimi sertifikalar\u0131na sahip olan Diyetisyen Ay\u015fenur Akdeniz evli ve 1 \u00e7ocuk sahibidir.\",\"sameAs\":[\"https:\/\/diyetlif.com.tr\/\"],\"url\":\"https:\/\/diyetlif.com.tr\/blog\/author\/aysenur\/\"}]}<\/script>\n<!-- \/ Yoast SEO plugin. -->","yoast_head_json":{"title":"Alzheimer Hastal\u0131\u011f\u0131 ve Beslenme | Diyetlif Blog","robots":{"index":"index","follow":"follow","max-snippet":"max-snippet:-1","max-image-preview":"max-image-preview:large","max-video-preview":"max-video-preview:-1"},"canonical":"https:\/\/diyetlif.com.tr\/blog\/alzheimer-hastaligi-ve-beslenme\/","og_locale":"tr_TR","og_type":"article","og_title":"Alzheimer Hastal\u0131\u011f\u0131 ve Beslenme | Diyetlif Blog","og_description":"Alzheimer hastal\u0131\u011f\u0131 d\u00fcnya \u00e7ap\u0131nda demans\u0131n en \u00f6nemli nedenlerinden biri olan ilerleyici n\u00f6rodejeneratif bir hastal\u0131kt\u0131r. En \u00f6nemli risk fat\u00f6r\u00fc ya\u015ft\u0131r. T\u00fcrkiyede 70 ya\u015f \u00fczeri bireylerde alzheimer hastal\u0131\u011f\u0131 prevelans\u0131 % 11\u2019dir. Diyabet, ApoES4 alleli, sigara kullan\u0131m\u0131 ve depresyon gibi etkenlerin alzheimer hastal\u0131\u011f\u0131 g\u00f6r\u00fclme s\u0131kl\u0131\u011f\u0131n\u0131 artt\u0131rd\u0131\u011f\u0131 bilinmektedir. Diyet ve alzheimer hastal\u0131\u011f\u0131 aras\u0131ndaki aras\u0131ndaki ili\u015fkiyi g\u00f6steren \u00e7al\u0131\u015fmalar g\u00fcn ge\u00e7tik\u00e7e [&hellip;] More","og_url":"https:\/\/diyetlif.com.tr\/blog\/alzheimer-hastaligi-ve-beslenme\/","og_site_name":"Diyetlif Blog","article_publisher":"https:\/\/www.facebook.com\/Diyetlif","article_published_time":"2019-12-21T07:09:00+00:00","article_modified_time":"2019-12-17T07:48:57+00:00","og_image":[{"width":1200,"height":675,"url":"https:\/\/diyetlif.com.tr\/blog\/wp-content\/uploads\/2019\/11\/alzheimer-hastaligi-ve-beslenme.jpg","type":"image\/jpeg"}],"author":"Ay\u015fenur Akdeniz","twitter_card":"summary_large_image","twitter_creator":"@diyetlif","twitter_site":"@diyetlif","twitter_misc":{"Yazan:":"Ay\u015fenur Akdeniz","Tahmini okuma s\u00fcresi":"2 dakika"},"schema":{"@context":"https:\/\/schema.org","@graph":[{"@type":"Article","@id":"https:\/\/diyetlif.com.tr\/blog\/alzheimer-hastaligi-ve-beslenme\/#article","isPartOf":{"@id":"https:\/\/diyetlif.com.tr\/blog\/alzheimer-hastaligi-ve-beslenme\/"},"author":{"name":"Ay\u015fenur Akdeniz","@id":"https:\/\/diyetlif.com.tr\/blog\/#\/schema\/person\/d11b206785674fe0608c6834baec3bb9"},"headline":"Alzheimer Hastal\u0131\u011f\u0131 ve Beslenme","datePublished":"2019-12-21T07:09:00+00:00","dateModified":"2019-12-17T07:48:57+00:00","mainEntityOfPage":{"@id":"https:\/\/diyetlif.com.tr\/blog\/alzheimer-hastaligi-ve-beslenme\/"},"wordCount":407,"commentCount":0,"publisher":{"@id":"https:\/\/diyetlif.com.tr\/blog\/#organization"},"image":{"@id":"https:\/\/diyetlif.com.tr\/blog\/alzheimer-hastaligi-ve-beslenme\/#primaryimage"},"thumbnailUrl":"https:\/\/diyetlif.com.tr\/blog\/wp-content\/uploads\/2019\/11\/alzheimer-hastaligi-ve-beslenme.jpg","keywords":["Alzheimer","ALZHE\u0130MER HASTALI\u011eI","ALZHE\u0130MER HASTALI\u011eI VE BESLENME"],"articleSection":["Hastal\u0131k \/ Sa\u011fl\u0131k"],"inLanguage":"tr","potentialAction":[{"@type":"CommentAction","name":"Comment","target":["https:\/\/diyetlif.com.tr\/blog\/alzheimer-hastaligi-ve-beslenme\/#respond"]}]},{"@type":"WebPage","@id":"https:\/\/diyetlif.com.tr\/blog\/alzheimer-hastaligi-ve-beslenme\/","url":"https:\/\/diyetlif.com.tr\/blog\/alzheimer-hastaligi-ve-beslenme\/","name":"Alzheimer Hastal\u0131\u011f\u0131 ve Beslenme | Diyetlif Blog","isPartOf":{"@id":"https:\/\/diyetlif.com.tr\/blog\/#website"},"primaryImageOfPage":{"@id":"https:\/\/diyetlif.com.tr\/blog\/alzheimer-hastaligi-ve-beslenme\/#primaryimage"},"image":{"@id":"https:\/\/diyetlif.com.tr\/blog\/alzheimer-hastaligi-ve-beslenme\/#primaryimage"},"thumbnailUrl":"https:\/\/diyetlif.com.tr\/blog\/wp-content\/uploads\/2019\/11\/alzheimer-hastaligi-ve-beslenme.jpg","datePublished":"2019-12-21T07:09:00+00:00","dateModified":"2019-12-17T07:48:57+00:00","breadcrumb":{"@id":"https:\/\/diyetlif.com.tr\/blog\/alzheimer-hastaligi-ve-beslenme\/#breadcrumb"},"inLanguage":"tr","potentialAction":[{"@type":"ReadAction","target":["https:\/\/diyetlif.com.tr\/blog\/alzheimer-hastaligi-ve-beslenme\/"]}]},{"@type":"ImageObject","inLanguage":"tr","@id":"https:\/\/diyetlif.com.tr\/blog\/alzheimer-hastaligi-ve-beslenme\/#primaryimage","url":"https:\/\/diyetlif.com.tr\/blog\/wp-content\/uploads\/2019\/11\/alzheimer-hastaligi-ve-beslenme.jpg","contentUrl":"https:\/\/diyetlif.com.tr\/blog\/wp-content\/uploads\/2019\/11\/alzheimer-hastaligi-ve-beslenme.jpg","width":1200,"height":675},{"@type":"BreadcrumbList","@id":"https:\/\/diyetlif.com.tr\/blog\/alzheimer-hastaligi-ve-beslenme\/#breadcrumb","itemListElement":[{"@type":"ListItem","position":1,"name":"Home","item":"https:\/\/diyetlif.com.tr\/blog\/"},{"@type":"ListItem","position":2,"name":"Alzheimer Hastal\u0131\u011f\u0131 ve Beslenme"}]},{"@type":"WebSite","@id":"https:\/\/diyetlif.com.tr\/blog\/#website","url":"https:\/\/diyetlif.com.tr\/blog\/","name":"Diyetlif Blog","description":"Diyetlif diyetisyen ve psikolog ekibinin haz\u0131rlad\u0131\u011f\u0131 sa\u011fl\u0131kl\u0131 ya\u015fam, kilo verme alma, psikoloji, beslenme blog yaz\u0131lar\u0131n\u0131 okuyun.","publisher":{"@id":"https:\/\/diyetlif.com.tr\/blog\/#organization"},"potentialAction":[{"@type":"SearchAction","target":{"@type":"EntryPoint","urlTemplate":"https:\/\/diyetlif.com.tr\/blog\/?s={search_term_string}"},"query-input":"required name=search_term_string"}],"inLanguage":"tr"},{"@type":"Organization","@id":"https:\/\/diyetlif.com.tr\/blog\/#organization","name":"Diyetlif","url":"https:\/\/diyetlif.com.tr\/blog\/","logo":{"@type":"ImageObject","inLanguage":"tr","@id":"https:\/\/diyetlif.com.tr\/blog\/#\/schema\/logo\/image\/","url":"https:\/\/diyetlif.com.tr\/blog\/wp-content\/uploads\/2022\/02\/diyetlif-diyet-diyetisyen-logo-220.png","contentUrl":"https:\/\/diyetlif.com.tr\/blog\/wp-content\/uploads\/2022\/02\/diyetlif-diyet-diyetisyen-logo-220.png","width":220,"height":53,"caption":"Diyetlif"},"image":{"@id":"https:\/\/diyetlif.com.tr\/blog\/#\/schema\/logo\/image\/"},"sameAs":["https:\/\/www.facebook.com\/Diyetlif","https:\/\/x.com\/diyetlif","https:\/\/www.instagram.com\/diyetlif\/","https:\/\/tr.linkedin.com\/company\/diyetlif","https:\/\/tr.pinterest.com\/diyetlif\/","https:\/\/www.youtube.com\/channel\/UCWbcFL5Q3DM5UV0Ttme9YzA"]},{"@type":"Person","@id":"https:\/\/diyetlif.com.tr\/blog\/#\/schema\/person\/d11b206785674fe0608c6834baec3bb9","name":"Ay\u015fenur Akdeniz","image":{"@type":"ImageObject","inLanguage":"tr","@id":"https:\/\/diyetlif.com.tr\/blog\/#\/schema\/person\/image\/","url":"https:\/\/secure.gravatar.com\/avatar\/93ae7c4a268ef3151ffa07def7e50745?s=96&d=mm&r=g","contentUrl":"https:\/\/secure.gravatar.com\/avatar\/93ae7c4a268ef3151ffa07def7e50745?s=96&d=mm&r=g","caption":"Ay\u015fenur Akdeniz"},"description":"Diyetisyen Ay\u015fenur Akdeniz, 1990 Bursa do\u011fumludur. \u00d6n lisans\u0131n\u0131 Uluda\u011f \u00dcniversitesi G\u0131da Teknolojisi B\u00f6l\u00fcm\u00fcnde tamamlayan Akdeniz, lisans\u0131n\u0131 ise Hacettepe \u00dcniversitesi Beslenme ve Diyetetik B\u00f6l\u00fcm\u00fcnde tamamlayarak diyetisyen unvan\u0131n\u0131 almaya hak kazanm\u0131\u015ft\u0131r. B\u00fcy\u00fck \u00f6l\u00e7ekli g\u0131da imalathaneleri ve catering \u015firketlerinde deneyimi olan Diyetisyen Akdeniz ayn\u0131 zamanda Hacettepe \u00dcniversitesi Yeti\u015fkin Hastanesi, Ankara Y\u00fcksek \u0130htisas E\u011fitim ve Ara\u015ft\u0131rma Hastanesi, Dr. Sami Ulus E\u011fitim ve Ara\u015ft\u0131rma Hastanesi ve Hacettepe \u0130hsan Do\u011framac\u0131 \u00c7ocuk Hastanesi gibi T\u00fcrkiye\u2019nin \u00f6nde gelen sa\u011fl\u0131k kurulu\u015flar\u0131nda da faaliyetlerde bulunmu\u015ftur. ISO 22000:2005 G\u0131da G\u00fcvenli\u011fi Y\u00f6netim Sistemi Sertifikas\u0131, Kalitest E\u011fitim ve Ba\u015far\u0131 Sertifikas\u0131, Temel \u0130\u015faret Dili ve \u0130lk Yard\u0131m E\u011fitimi sertifikalar\u0131na sahip olan Diyetisyen Ay\u015fenur Akdeniz evli ve 1 \u00e7ocuk sahibidir.","sameAs":["https:\/\/diyetlif.com.tr\/"],"url":"https:\/\/diyetlif.com.tr\/blog\/author\/aysenur\/"}]}},"amp_enabled":true,"_links":{"self":[{"href":"https:\/\/diyetlif.com.tr\/blog\/wp-json\/wp\/v2\/posts\/5912"}],"collection":[{"href":"https:\/\/diyetlif.com.tr\/blog\/wp-json\/wp\/v2\/posts"}],"about":[{"href":"https:\/\/diyetlif.com.tr\/blog\/wp-json\/wp\/v2\/types\/post"}],"author":[{"embeddable":true,"href":"https:\/\/diyetlif.com.tr\/blog\/wp-json\/wp\/v2\/users\/4"}],"replies":[{"embeddable":true,"href":"https:\/\/diyetlif.com.tr\/blog\/wp-json\/wp\/v2\/comments?post=5912"}],"version-history":[{"count":2,"href":"https:\/\/diyetlif.com.tr\/blog\/wp-json\/wp\/v2\/posts\/5912\/revisions"}],"predecessor-version":[{"id":6140,"href":"https:\/\/diyetlif.com.tr\/blog\/wp-json\/wp\/v2\/posts\/5912\/revisions\/6140"}],"wp:featuredmedia":[{"embeddable":true,"href":"https:\/\/diyetlif.com.tr\/blog\/wp-json\/wp\/v2\/media\/5914"}],"wp:attachment":[{"href":"https:\/\/diyetlif.com.tr\/blog\/wp-json\/wp\/v2\/media?parent=5912"}],"wp:term":[{"taxonomy":"category","embeddable":true,"href":"https:\/\/diyetlif.com.tr\/blog\/wp-json\/wp\/v2\/categories?post=5912"},{"taxonomy":"post_tag","embeddable":true,"href":"https:\/\/diyetlif.com.tr\/blog\/wp-json\/wp\/v2\/tags?post=5912"},{"taxonomy":"adace-sponsor","embeddable":true,"href":"https:\/\/diyetlif.com.tr\/blog\/wp-json\/wp\/v2\/adace-sponsor?post=5912"}],"curies":[{"name":"wp","href":"https:\/\/api.w.org\/{rel}","templated":true}]}}