{"id":5832,"date":"2019-12-09T09:45:05","date_gmt":"2019-12-09T06:45:05","guid":{"rendered":"http:\/\/diyetlif.com.tr\/blog\/?p=5832"},"modified":"2019-11-25T14:48:15","modified_gmt":"2019-11-25T11:48:15","slug":"gribe-karsi-tursu","status":"publish","type":"post","link":"https:\/\/diyetlif.com.tr\/blog\/gribe-karsi-tursu\/","title":{"rendered":"Gribe Kar\u015f\u0131 Tur\u015fu!"},"content":{"rendered":"\n<p>Ba\u011f\u0131rsak sistemimize yerle\u015ferek, sa\u011fl\u0131\u011f\u0131m\u0131z i\u00e7in olumlu etkiler yaratan bakteriler, probiyotik bakteri olarak adland\u0131r\u0131l\u0131r. Probiyotikler zararl\u0131 mikroorganizmalara kar\u015f\u0131 inhibit\u00f6r maddeler \u00fcreterek (bakteriosinler, organik asitler vb.) besin rekabeti yaparak, tutunmalar\u0131n\u0131 zorla\u015ft\u0131rarak, kanserojenik ve mutajenik bile\u015fiklere d\u00f6n\u00fc\u015febilen toksinlerini par\u00e7alayarak etkili olurlar. Ayr\u0131ca probiyotikler v\u00fccut ve ba\u011f\u0131\u015f\u0131kl\u0131k sistemi i\u00e7in yararl\u0131 bile\u015fikler (vitaminler, biyoaktif peptitler, im\u00fcnoglob\u00fcler proteinler) \u00fcreterek de genel sa\u011fl\u0131\u011fa faydal\u0131 olurlar.<\/p>\n\n\n\n<p>400 den fazla \u00e7e\u015fidi bulunan probiyotik mikroorganizmalar pek \u00e7ok besinle v\u00fccudumuzu al\u0131nabilmektedir. \u00d6zellikle fermantasyon(mayaland\u0131rma) i\u015flemi ile \u00fcretilen g\u0131dalar ba\u015fl\u0131ca probiyotik kaynaklar\u0131d\u0131r.<\/p>\n\n\n\n<p>K\u0131\u015f aylar\u0131na hem lezzet olarak yak\u0131\u015fan hem de gribe kar\u015f\u0131 koruyucu etki g\u00f6steren tur\u015fu, \u015falgam suyu bu besinler aras\u0131ndad\u0131r. Bunlara ek olarak \u00f6zellikle evde mayalanm\u0131\u015f( sa\u011fl\u0131k ve hijyen ko\u015fullar\u0131na uygun olarak \u00fcretildi\u011finden emin olunmal\u0131) yo\u011furt, kefir ise temel probiyotik kaynaklar\u0131d\u0131r. Sa\u011fl\u0131kl\u0131 ve verimli bir k\u0131\u015f ge\u00e7irmek i\u00e7in daha gribal enfeksiyonlara yakalanmadan bu besinlerin t\u00fcketimine \u00f6zen g\u00f6sterilmelidir. Yo\u011furt ve kefiri her g\u00fcn, tur\u015fu ve \u015falgam suyu gibi besinleri ise (tansiyon ve b\u00f6brek rahats\u0131zl\u0131klar\u0131m\u0131z yok ise) s\u0131kl\u0131kla t\u00fcketmeliyiz.<\/p>\n\n\n\n<p>Bu besinlerin d\u0131\u015f\u0131nda yine fermente \u00f6zellikte olan kelle pa\u00e7a, i\u015fkembe gibi sakat at \u00e7orbalar\u0131 ile tarhana \u00e7orbas\u0131 da olduk\u00e7a etkili probiyotik besinlerdendir. Fakat s\u00f6z konusu sakat at oldu\u011funda yine temizlik ve hijyeninden emin olunmal\u0131d\u0131r.<\/p>\n\n\n\n<p>Probiyotikler d\u0131\u015f\u0131nda, gribal enfeksiyonlara kar\u015f\u0131 diren\u00e7li durabilmek i\u00e7in mevsim sebze-meyvelerini t\u00fcketmeye \u00f6zen g\u00f6stermeliyiz. So\u011fuk k\u0131\u015f \u015fartlar\u0131na dayanmak i\u00e7in b\u00fcnyesinde do\u011fal koruyucu maddeler bar\u0131nd\u0131ran k\u0131\u015f sebzeleri bizi de koruyucu etki g\u00f6sterecektir.<\/p>\n\n\n\n<p>T\u00fcm bunlara ek olarak \u00f6\u011f\u00fcn atlamamak, enerji olsun diye karbonhidrat\u0131 bol de\u011fil vitamini bol beslenmek ve hava so\u011fuk diye bol su i\u00e7meyi unutmamak gribal enfeksiyonlara kar\u015f\u0131 en b\u00fcy\u00fck sava\u015f\u00e7\u0131lar\u0131m\u0131z olacakt\u0131r.<\/p>\n","protected":false},"excerpt":{"rendered":"<p>Ba\u011f\u0131rsak sistemimize yerle\u015ferek, sa\u011fl\u0131\u011f\u0131m\u0131z i\u00e7in olumlu etkiler yaratan bakteriler, probiyotik bakteri olarak adland\u0131r\u0131l\u0131r. Probiyotikler zararl\u0131 mikroorganizmalara kar\u015f\u0131 inhibit\u00f6r maddeler \u00fcreterek (bakteriosinler, organik asitler vb.) besin rekabeti yaparak, tutunmalar\u0131n\u0131 zorla\u015ft\u0131rarak, kanserojenik ve mutajenik bile\u015fiklere d\u00f6n\u00fc\u015febilen toksinlerini par\u00e7alayarak etkili olurlar. Ayr\u0131ca probiyotikler v\u00fccut ve ba\u011f\u0131\u015f\u0131kl\u0131k sistemi i\u00e7in yararl\u0131 bile\u015fikler (vitaminler, biyoaktif peptitler, im\u00fcnoglob\u00fcler proteinler) \u00fcreterek de genel [&hellip;] <a class=\"g1-link g1-link-more\" href=\"https:\/\/diyetlif.com.tr\/blog\/gribe-karsi-tursu\/\">More<\/a><\/p>\n","protected":false},"author":1,"featured_media":5834,"comment_status":"open","ping_status":"open","sticky":false,"template":"","format":"standard","meta":{"footnotes":""},"categories":[231],"tags":[398],"adace-sponsor":[],"yoast_head":"<!-- This site is optimized with the Yoast SEO plugin v22.6 - https:\/\/yoast.com\/wordpress\/plugins\/seo\/ -->\n<title>Gribe Kar\u015f\u0131 Tur\u015fu! | Diyetlif Blog<\/title>\n<meta name=\"robots\" content=\"index, follow, max-snippet:-1, max-image-preview:large, max-video-preview:-1\" \/>\n<link rel=\"canonical\" href=\"https:\/\/diyetlif.com.tr\/blog\/gribe-karsi-tursu\/\" \/>\n<meta property=\"og:locale\" content=\"tr_TR\" \/>\n<meta property=\"og:type\" content=\"article\" \/>\n<meta property=\"og:title\" content=\"Gribe Kar\u015f\u0131 Tur\u015fu! | Diyetlif Blog\" \/>\n<meta property=\"og:description\" content=\"Ba\u011f\u0131rsak sistemimize yerle\u015ferek, sa\u011fl\u0131\u011f\u0131m\u0131z i\u00e7in olumlu etkiler yaratan bakteriler, probiyotik bakteri olarak adland\u0131r\u0131l\u0131r. Probiyotikler zararl\u0131 mikroorganizmalara kar\u015f\u0131 inhibit\u00f6r maddeler \u00fcreterek (bakteriosinler, organik asitler vb.) besin rekabeti yaparak, tutunmalar\u0131n\u0131 zorla\u015ft\u0131rarak, kanserojenik ve mutajenik bile\u015fiklere d\u00f6n\u00fc\u015febilen toksinlerini par\u00e7alayarak etkili olurlar. Ayr\u0131ca probiyotikler v\u00fccut ve ba\u011f\u0131\u015f\u0131kl\u0131k sistemi i\u00e7in yararl\u0131 bile\u015fikler (vitaminler, biyoaktif peptitler, im\u00fcnoglob\u00fcler proteinler) \u00fcreterek de genel [&hellip;] More\" \/>\n<meta property=\"og:url\" content=\"https:\/\/diyetlif.com.tr\/blog\/gribe-karsi-tursu\/\" \/>\n<meta property=\"og:site_name\" content=\"Diyetlif Blog\" \/>\n<meta property=\"article:publisher\" content=\"https:\/\/www.facebook.com\/Diyetlif\" \/>\n<meta property=\"article:published_time\" content=\"2019-12-09T06:45:05+00:00\" \/>\n<meta property=\"article:modified_time\" content=\"2019-11-25T11:48:15+00:00\" \/>\n<meta property=\"og:image\" content=\"https:\/\/diyetlif.com.tr\/blog\/wp-content\/uploads\/2019\/11\/gribe-karsi-tursu.jpg\" \/>\n\t<meta property=\"og:image:width\" content=\"1666\" \/>\n\t<meta property=\"og:image:height\" content=\"1111\" \/>\n\t<meta property=\"og:image:type\" content=\"image\/jpeg\" \/>\n<meta name=\"author\" content=\"Diyetlif\" \/>\n<meta name=\"twitter:card\" content=\"summary_large_image\" \/>\n<meta name=\"twitter:creator\" content=\"@diyetlif\" \/>\n<meta name=\"twitter:site\" content=\"@diyetlif\" \/>\n<meta name=\"twitter:label1\" content=\"Yazan:\" \/>\n\t<meta name=\"twitter:data1\" content=\"Diyetlif\" \/>\n\t<meta name=\"twitter:label2\" content=\"Tahmini okuma s\u00fcresi\" \/>\n\t<meta name=\"twitter:data2\" content=\"2 dakika\" \/>\n<script type=\"application\/ld+json\" class=\"yoast-schema-graph\">{\"@context\":\"https:\/\/schema.org\",\"@graph\":[{\"@type\":\"Article\",\"@id\":\"https:\/\/diyetlif.com.tr\/blog\/gribe-karsi-tursu\/#article\",\"isPartOf\":{\"@id\":\"https:\/\/diyetlif.com.tr\/blog\/gribe-karsi-tursu\/\"},\"author\":{\"name\":\"Diyetlif\",\"@id\":\"https:\/\/diyetlif.com.tr\/blog\/#\/schema\/person\/5676fb5dee0877cf59d5926b7d62f03a\"},\"headline\":\"Gribe Kar\u015f\u0131 Tur\u015fu!\",\"datePublished\":\"2019-12-09T06:45:05+00:00\",\"dateModified\":\"2019-11-25T11:48:15+00:00\",\"mainEntityOfPage\":{\"@id\":\"https:\/\/diyetlif.com.tr\/blog\/gribe-karsi-tursu\/\"},\"wordCount\":352,\"commentCount\":0,\"publisher\":{\"@id\":\"https:\/\/diyetlif.com.tr\/blog\/#organization\"},\"image\":{\"@id\":\"https:\/\/diyetlif.com.tr\/blog\/gribe-karsi-tursu\/#primaryimage\"},\"thumbnailUrl\":\"https:\/\/diyetlif.com.tr\/blog\/wp-content\/uploads\/2019\/11\/gribe-karsi-tursu.jpg\",\"keywords\":[\"gribe kar\u015f\u0131 beslenme\"],\"articleSection\":[\"Hastal\u0131k \/ Sa\u011fl\u0131k\"],\"inLanguage\":\"tr\",\"potentialAction\":[{\"@type\":\"CommentAction\",\"name\":\"Comment\",\"target\":[\"https:\/\/diyetlif.com.tr\/blog\/gribe-karsi-tursu\/#respond\"]}]},{\"@type\":\"WebPage\",\"@id\":\"https:\/\/diyetlif.com.tr\/blog\/gribe-karsi-tursu\/\",\"url\":\"https:\/\/diyetlif.com.tr\/blog\/gribe-karsi-tursu\/\",\"name\":\"Gribe Kar\u015f\u0131 Tur\u015fu! | Diyetlif Blog\",\"isPartOf\":{\"@id\":\"https:\/\/diyetlif.com.tr\/blog\/#website\"},\"primaryImageOfPage\":{\"@id\":\"https:\/\/diyetlif.com.tr\/blog\/gribe-karsi-tursu\/#primaryimage\"},\"image\":{\"@id\":\"https:\/\/diyetlif.com.tr\/blog\/gribe-karsi-tursu\/#primaryimage\"},\"thumbnailUrl\":\"https:\/\/diyetlif.com.tr\/blog\/wp-content\/uploads\/2019\/11\/gribe-karsi-tursu.jpg\",\"datePublished\":\"2019-12-09T06:45:05+00:00\",\"dateModified\":\"2019-11-25T11:48:15+00:00\",\"breadcrumb\":{\"@id\":\"https:\/\/diyetlif.com.tr\/blog\/gribe-karsi-tursu\/#breadcrumb\"},\"inLanguage\":\"tr\",\"potentialAction\":[{\"@type\":\"ReadAction\",\"target\":[\"https:\/\/diyetlif.com.tr\/blog\/gribe-karsi-tursu\/\"]}]},{\"@type\":\"ImageObject\",\"inLanguage\":\"tr\",\"@id\":\"https:\/\/diyetlif.com.tr\/blog\/gribe-karsi-tursu\/#primaryimage\",\"url\":\"https:\/\/diyetlif.com.tr\/blog\/wp-content\/uploads\/2019\/11\/gribe-karsi-tursu.jpg\",\"contentUrl\":\"https:\/\/diyetlif.com.tr\/blog\/wp-content\/uploads\/2019\/11\/gribe-karsi-tursu.jpg\",\"width\":1666,\"height\":1111},{\"@type\":\"BreadcrumbList\",\"@id\":\"https:\/\/diyetlif.com.tr\/blog\/gribe-karsi-tursu\/#breadcrumb\",\"itemListElement\":[{\"@type\":\"ListItem\",\"position\":1,\"name\":\"Home\",\"item\":\"https:\/\/diyetlif.com.tr\/blog\/\"},{\"@type\":\"ListItem\",\"position\":2,\"name\":\"Gribe Kar\u015f\u0131 Tur\u015fu!\"}]},{\"@type\":\"WebSite\",\"@id\":\"https:\/\/diyetlif.com.tr\/blog\/#website\",\"url\":\"https:\/\/diyetlif.com.tr\/blog\/\",\"name\":\"Diyetlif Blog\",\"description\":\"Diyetlif diyetisyen ve psikolog ekibinin haz\u0131rlad\u0131\u011f\u0131 sa\u011fl\u0131kl\u0131 ya\u015fam, kilo verme alma, psikoloji, beslenme blog yaz\u0131lar\u0131n\u0131 okuyun.\",\"publisher\":{\"@id\":\"https:\/\/diyetlif.com.tr\/blog\/#organization\"},\"potentialAction\":[{\"@type\":\"SearchAction\",\"target\":{\"@type\":\"EntryPoint\",\"urlTemplate\":\"https:\/\/diyetlif.com.tr\/blog\/?s={search_term_string}\"},\"query-input\":\"required name=search_term_string\"}],\"inLanguage\":\"tr\"},{\"@type\":\"Organization\",\"@id\":\"https:\/\/diyetlif.com.tr\/blog\/#organization\",\"name\":\"Diyetlif\",\"url\":\"https:\/\/diyetlif.com.tr\/blog\/\",\"logo\":{\"@type\":\"ImageObject\",\"inLanguage\":\"tr\",\"@id\":\"https:\/\/diyetlif.com.tr\/blog\/#\/schema\/logo\/image\/\",\"url\":\"https:\/\/diyetlif.com.tr\/blog\/wp-content\/uploads\/2022\/02\/diyetlif-diyet-diyetisyen-logo-220.png\",\"contentUrl\":\"https:\/\/diyetlif.com.tr\/blog\/wp-content\/uploads\/2022\/02\/diyetlif-diyet-diyetisyen-logo-220.png\",\"width\":220,\"height\":53,\"caption\":\"Diyetlif\"},\"image\":{\"@id\":\"https:\/\/diyetlif.com.tr\/blog\/#\/schema\/logo\/image\/\"},\"sameAs\":[\"https:\/\/www.facebook.com\/Diyetlif\",\"https:\/\/x.com\/diyetlif\",\"https:\/\/www.instagram.com\/diyetlif\/\",\"https:\/\/tr.linkedin.com\/company\/diyetlif\",\"https:\/\/tr.pinterest.com\/diyetlif\/\",\"https:\/\/www.youtube.com\/channel\/UCWbcFL5Q3DM5UV0Ttme9YzA\"]},{\"@type\":\"Person\",\"@id\":\"https:\/\/diyetlif.com.tr\/blog\/#\/schema\/person\/5676fb5dee0877cf59d5926b7d62f03a\",\"name\":\"Diyetlif\",\"image\":{\"@type\":\"ImageObject\",\"inLanguage\":\"tr\",\"@id\":\"https:\/\/diyetlif.com.tr\/blog\/#\/schema\/person\/image\/\",\"url\":\"https:\/\/diyetlif.com.tr\/blog\/wp-content\/uploads\/2022\/02\/diyetlif-diyet-diyetisyen-footer-logo.png\",\"contentUrl\":\"https:\/\/diyetlif.com.tr\/blog\/wp-content\/uploads\/2022\/02\/diyetlif-diyet-diyetisyen-footer-logo.png\",\"caption\":\"Diyetlif\"},\"description\":\"Diyetlif bireylere ve kurumlara beslenme ve psikoloji hizmetleri sa\u011flayan sa\u011fl\u0131kl\u0131 ya\u015fam uzman\u0131 bir kurulu\u015ftur. Diyetlif 2008 y\u0131l\u0131nda kuruldu. Kurucumuz Hacettepe \u00dcniversitesi Beslenme ve Diyetetik B\u00f6l\u00fcm\u00fc mezunu Diyetisyen G\u00f6zdem Ba\u015far\u0131r \u0130phar. Geride b\u0131rakt\u0131\u011f\u0131m\u0131z 11 y\u0131lda en deneyimli ve en kurumsal sa\u011fl\u0131kl\u0131 ya\u015fam kurulu\u015flar\u0131ndan biri olduk. Bug\u00fcne kadar 8000\u2019in \u00fczerinde dan\u0131\u015fana ula\u015ft\u0131k.\",\"sameAs\":[\"https:\/\/diyetlif.com.tr\"],\"url\":\"https:\/\/diyetlif.com.tr\/blog\/author\/diyetlif\/\"}]}<\/script>\n<!-- \/ Yoast SEO plugin. -->","yoast_head_json":{"title":"Gribe Kar\u015f\u0131 Tur\u015fu! | Diyetlif Blog","robots":{"index":"index","follow":"follow","max-snippet":"max-snippet:-1","max-image-preview":"max-image-preview:large","max-video-preview":"max-video-preview:-1"},"canonical":"https:\/\/diyetlif.com.tr\/blog\/gribe-karsi-tursu\/","og_locale":"tr_TR","og_type":"article","og_title":"Gribe Kar\u015f\u0131 Tur\u015fu! | Diyetlif Blog","og_description":"Ba\u011f\u0131rsak sistemimize yerle\u015ferek, sa\u011fl\u0131\u011f\u0131m\u0131z i\u00e7in olumlu etkiler yaratan bakteriler, probiyotik bakteri olarak adland\u0131r\u0131l\u0131r. Probiyotikler zararl\u0131 mikroorganizmalara kar\u015f\u0131 inhibit\u00f6r maddeler \u00fcreterek (bakteriosinler, organik asitler vb.) besin rekabeti yaparak, tutunmalar\u0131n\u0131 zorla\u015ft\u0131rarak, kanserojenik ve mutajenik bile\u015fiklere d\u00f6n\u00fc\u015febilen toksinlerini par\u00e7alayarak etkili olurlar. Ayr\u0131ca probiyotikler v\u00fccut ve ba\u011f\u0131\u015f\u0131kl\u0131k sistemi i\u00e7in yararl\u0131 bile\u015fikler (vitaminler, biyoaktif peptitler, im\u00fcnoglob\u00fcler proteinler) \u00fcreterek de genel [&hellip;] More","og_url":"https:\/\/diyetlif.com.tr\/blog\/gribe-karsi-tursu\/","og_site_name":"Diyetlif Blog","article_publisher":"https:\/\/www.facebook.com\/Diyetlif","article_published_time":"2019-12-09T06:45:05+00:00","article_modified_time":"2019-11-25T11:48:15+00:00","og_image":[{"width":1666,"height":1111,"url":"https:\/\/diyetlif.com.tr\/blog\/wp-content\/uploads\/2019\/11\/gribe-karsi-tursu.jpg","type":"image\/jpeg"}],"author":"Diyetlif","twitter_card":"summary_large_image","twitter_creator":"@diyetlif","twitter_site":"@diyetlif","twitter_misc":{"Yazan:":"Diyetlif","Tahmini okuma s\u00fcresi":"2 dakika"},"schema":{"@context":"https:\/\/schema.org","@graph":[{"@type":"Article","@id":"https:\/\/diyetlif.com.tr\/blog\/gribe-karsi-tursu\/#article","isPartOf":{"@id":"https:\/\/diyetlif.com.tr\/blog\/gribe-karsi-tursu\/"},"author":{"name":"Diyetlif","@id":"https:\/\/diyetlif.com.tr\/blog\/#\/schema\/person\/5676fb5dee0877cf59d5926b7d62f03a"},"headline":"Gribe Kar\u015f\u0131 Tur\u015fu!","datePublished":"2019-12-09T06:45:05+00:00","dateModified":"2019-11-25T11:48:15+00:00","mainEntityOfPage":{"@id":"https:\/\/diyetlif.com.tr\/blog\/gribe-karsi-tursu\/"},"wordCount":352,"commentCount":0,"publisher":{"@id":"https:\/\/diyetlif.com.tr\/blog\/#organization"},"image":{"@id":"https:\/\/diyetlif.com.tr\/blog\/gribe-karsi-tursu\/#primaryimage"},"thumbnailUrl":"https:\/\/diyetlif.com.tr\/blog\/wp-content\/uploads\/2019\/11\/gribe-karsi-tursu.jpg","keywords":["gribe kar\u015f\u0131 beslenme"],"articleSection":["Hastal\u0131k \/ Sa\u011fl\u0131k"],"inLanguage":"tr","potentialAction":[{"@type":"CommentAction","name":"Comment","target":["https:\/\/diyetlif.com.tr\/blog\/gribe-karsi-tursu\/#respond"]}]},{"@type":"WebPage","@id":"https:\/\/diyetlif.com.tr\/blog\/gribe-karsi-tursu\/","url":"https:\/\/diyetlif.com.tr\/blog\/gribe-karsi-tursu\/","name":"Gribe Kar\u015f\u0131 Tur\u015fu! | Diyetlif Blog","isPartOf":{"@id":"https:\/\/diyetlif.com.tr\/blog\/#website"},"primaryImageOfPage":{"@id":"https:\/\/diyetlif.com.tr\/blog\/gribe-karsi-tursu\/#primaryimage"},"image":{"@id":"https:\/\/diyetlif.com.tr\/blog\/gribe-karsi-tursu\/#primaryimage"},"thumbnailUrl":"https:\/\/diyetlif.com.tr\/blog\/wp-content\/uploads\/2019\/11\/gribe-karsi-tursu.jpg","datePublished":"2019-12-09T06:45:05+00:00","dateModified":"2019-11-25T11:48:15+00:00","breadcrumb":{"@id":"https:\/\/diyetlif.com.tr\/blog\/gribe-karsi-tursu\/#breadcrumb"},"inLanguage":"tr","potentialAction":[{"@type":"ReadAction","target":["https:\/\/diyetlif.com.tr\/blog\/gribe-karsi-tursu\/"]}]},{"@type":"ImageObject","inLanguage":"tr","@id":"https:\/\/diyetlif.com.tr\/blog\/gribe-karsi-tursu\/#primaryimage","url":"https:\/\/diyetlif.com.tr\/blog\/wp-content\/uploads\/2019\/11\/gribe-karsi-tursu.jpg","contentUrl":"https:\/\/diyetlif.com.tr\/blog\/wp-content\/uploads\/2019\/11\/gribe-karsi-tursu.jpg","width":1666,"height":1111},{"@type":"BreadcrumbList","@id":"https:\/\/diyetlif.com.tr\/blog\/gribe-karsi-tursu\/#breadcrumb","itemListElement":[{"@type":"ListItem","position":1,"name":"Home","item":"https:\/\/diyetlif.com.tr\/blog\/"},{"@type":"ListItem","position":2,"name":"Gribe Kar\u015f\u0131 Tur\u015fu!"}]},{"@type":"WebSite","@id":"https:\/\/diyetlif.com.tr\/blog\/#website","url":"https:\/\/diyetlif.com.tr\/blog\/","name":"Diyetlif Blog","description":"Diyetlif diyetisyen ve psikolog ekibinin haz\u0131rlad\u0131\u011f\u0131 sa\u011fl\u0131kl\u0131 ya\u015fam, kilo verme alma, psikoloji, beslenme blog yaz\u0131lar\u0131n\u0131 okuyun.","publisher":{"@id":"https:\/\/diyetlif.com.tr\/blog\/#organization"},"potentialAction":[{"@type":"SearchAction","target":{"@type":"EntryPoint","urlTemplate":"https:\/\/diyetlif.com.tr\/blog\/?s={search_term_string}"},"query-input":"required name=search_term_string"}],"inLanguage":"tr"},{"@type":"Organization","@id":"https:\/\/diyetlif.com.tr\/blog\/#organization","name":"Diyetlif","url":"https:\/\/diyetlif.com.tr\/blog\/","logo":{"@type":"ImageObject","inLanguage":"tr","@id":"https:\/\/diyetlif.com.tr\/blog\/#\/schema\/logo\/image\/","url":"https:\/\/diyetlif.com.tr\/blog\/wp-content\/uploads\/2022\/02\/diyetlif-diyet-diyetisyen-logo-220.png","contentUrl":"https:\/\/diyetlif.com.tr\/blog\/wp-content\/uploads\/2022\/02\/diyetlif-diyet-diyetisyen-logo-220.png","width":220,"height":53,"caption":"Diyetlif"},"image":{"@id":"https:\/\/diyetlif.com.tr\/blog\/#\/schema\/logo\/image\/"},"sameAs":["https:\/\/www.facebook.com\/Diyetlif","https:\/\/x.com\/diyetlif","https:\/\/www.instagram.com\/diyetlif\/","https:\/\/tr.linkedin.com\/company\/diyetlif","https:\/\/tr.pinterest.com\/diyetlif\/","https:\/\/www.youtube.com\/channel\/UCWbcFL5Q3DM5UV0Ttme9YzA"]},{"@type":"Person","@id":"https:\/\/diyetlif.com.tr\/blog\/#\/schema\/person\/5676fb5dee0877cf59d5926b7d62f03a","name":"Diyetlif","image":{"@type":"ImageObject","inLanguage":"tr","@id":"https:\/\/diyetlif.com.tr\/blog\/#\/schema\/person\/image\/","url":"https:\/\/diyetlif.com.tr\/blog\/wp-content\/uploads\/2022\/02\/diyetlif-diyet-diyetisyen-footer-logo.png","contentUrl":"https:\/\/diyetlif.com.tr\/blog\/wp-content\/uploads\/2022\/02\/diyetlif-diyet-diyetisyen-footer-logo.png","caption":"Diyetlif"},"description":"Diyetlif bireylere ve kurumlara beslenme ve psikoloji hizmetleri sa\u011flayan sa\u011fl\u0131kl\u0131 ya\u015fam uzman\u0131 bir kurulu\u015ftur. Diyetlif 2008 y\u0131l\u0131nda kuruldu. Kurucumuz Hacettepe \u00dcniversitesi Beslenme ve Diyetetik B\u00f6l\u00fcm\u00fc mezunu Diyetisyen G\u00f6zdem Ba\u015far\u0131r \u0130phar. Geride b\u0131rakt\u0131\u011f\u0131m\u0131z 11 y\u0131lda en deneyimli ve en kurumsal sa\u011fl\u0131kl\u0131 ya\u015fam kurulu\u015flar\u0131ndan biri olduk. Bug\u00fcne kadar 8000\u2019in \u00fczerinde dan\u0131\u015fana ula\u015ft\u0131k.","sameAs":["https:\/\/diyetlif.com.tr"],"url":"https:\/\/diyetlif.com.tr\/blog\/author\/diyetlif\/"}]}},"amp_enabled":true,"_links":{"self":[{"href":"https:\/\/diyetlif.com.tr\/blog\/wp-json\/wp\/v2\/posts\/5832"}],"collection":[{"href":"https:\/\/diyetlif.com.tr\/blog\/wp-json\/wp\/v2\/posts"}],"about":[{"href":"https:\/\/diyetlif.com.tr\/blog\/wp-json\/wp\/v2\/types\/post"}],"author":[{"embeddable":true,"href":"https:\/\/diyetlif.com.tr\/blog\/wp-json\/wp\/v2\/users\/1"}],"replies":[{"embeddable":true,"href":"https:\/\/diyetlif.com.tr\/blog\/wp-json\/wp\/v2\/comments?post=5832"}],"version-history":[{"count":1,"href":"https:\/\/diyetlif.com.tr\/blog\/wp-json\/wp\/v2\/posts\/5832\/revisions"}],"predecessor-version":[{"id":5835,"href":"https:\/\/diyetlif.com.tr\/blog\/wp-json\/wp\/v2\/posts\/5832\/revisions\/5835"}],"wp:featuredmedia":[{"embeddable":true,"href":"https:\/\/diyetlif.com.tr\/blog\/wp-json\/wp\/v2\/media\/5834"}],"wp:attachment":[{"href":"https:\/\/diyetlif.com.tr\/blog\/wp-json\/wp\/v2\/media?parent=5832"}],"wp:term":[{"taxonomy":"category","embeddable":true,"href":"https:\/\/diyetlif.com.tr\/blog\/wp-json\/wp\/v2\/categories?post=5832"},{"taxonomy":"post_tag","embeddable":true,"href":"https:\/\/diyetlif.com.tr\/blog\/wp-json\/wp\/v2\/tags?post=5832"},{"taxonomy":"adace-sponsor","embeddable":true,"href":"https:\/\/diyetlif.com.tr\/blog\/wp-json\/wp\/v2\/adace-sponsor?post=5832"}],"curies":[{"name":"wp","href":"https:\/\/api.w.org\/{rel}","templated":true}]}}