{"id":5817,"date":"2020-01-20T10:37:03","date_gmt":"2020-01-20T07:37:03","guid":{"rendered":"http:\/\/diyetlif.com.tr\/blog\/?p=5817"},"modified":"2022-01-25T00:02:07","modified_gmt":"2022-01-24T21:02:07","slug":"fizyoterapi-ve-beslenme","status":"publish","type":"post","link":"https:\/\/diyetlif.com.tr\/blog\/fizyoterapi-ve-beslenme\/","title":{"rendered":"Fizyoterapi ve Beslenme"},"content":{"rendered":"\n<p>Kas, kemik ve sinir sisteminden kaynaklanan bir\u00e7ok hastal\u0131\u011f\u0131n tedavisinde fizyoterapi kullan\u0131lmaktad\u0131r. Fizyoterapiye ihtiyac\u0131 olan hastalar, genelde tek bir yerlerini \u00e7al\u0131\u015ft\u0131ran ya da fiziksel aktivitelerde zay\u0131f olan hastalard\u0131r.<\/p>\n\n\n\n<p>Hareket sistemini etkileyen bir\u00e7ok hastal\u0131\u011f\u0131n \u00f6zellikle kas, kemik ve eklemler \u00fczerinde olumsuz etkide bulunmas\u0131 fazla kilolar nedeniyle ortaya \u00e7\u0131kar. V\u00fccutta ta\u015f\u0131nmas\u0131 gereken kilo ne kadar a\u011f\u0131rla\u015f\u0131rsa, kemik ve eklem sistemleri de o kadar zorlanmaya ba\u015flar. Kemikleri zorlamamak i\u00e7in ideal kilonun korunmas\u0131 \u015fartt\u0131r.<\/p>\n\n\n\n<p>\u0130deal kilo, normal olan ve olmas\u0131 gerekendir. Fazla olan her bir kilo, ihtiyac\u0131n\u0131zdan fazlas\u0131n\u0131 t\u00fcketti\u011finiz bir hatal\u0131 beslenmenin getirisidir. <strong><em>Fizyoterapi ve beslenme<\/em><\/strong> ili\u015fkisi de bu nedenle olduk\u00e7a \u00f6nemlidir.<\/p>\n\n\n\n<h2 class=\"wp-block-heading\"><strong>Kemik Sa\u011fl\u0131\u011f\u0131n\u0131 Nas\u0131l Koruyabilirsiniz?<\/strong><\/h2>\n\n\n\n<p>Kemik sistemini g\u00fc\u00e7lendirmek, v\u00fccudun \u00f6nemli bir yap\u0131ta\u015f\u0131 olan bu sistemi korumak i\u00e7in t\u00fcketilmesi gereken kalsiyum grubu, her ya\u015fta insan i\u00e7in farkl\u0131 oranlardad\u0131r. G\u00fcnde 2 porsiyon olarak;<\/p>\n\n\n\n<ul><li>S\u00fct,<\/li><li>Kefir,<\/li><li>Ayran,<\/li><li>Yo\u011furt,<\/li><li>Peynir gibi s\u00fct \u00fcr\u00fcnlerinin t\u00fcketilmesi olduk\u00e7a \u00f6nemlidir.<\/li><\/ul>\n\n\n\n<p>Bunun yan\u0131nda yaz k\u0131\u015f D vitaminine ihtiyac\u0131 olan v\u00fccudumuzu sa\u011flam bir \u015fekilde idam ettirmek i\u00e7in 30 dakikal\u0131k y\u00fcr\u00fcy\u00fc\u015fler olduk\u00e7a katk\u0131da bulunacak, daha g\u00fc\u00e7l\u00fc eklemlere sahip olmay\u0131 kolayla\u015ft\u0131racakt\u0131r. &nbsp;<strong><em>Kalsiyum i\u00e7eren besinler<\/em><\/strong>, her ya\u015fta aksat\u0131lmadan t\u00fcketilmelidir.<\/p>\n\n\n\n<figure class=\"wp-block-image size-large\"><img decoding=\"async\" loading=\"lazy\" width=\"750\" height=\"422\" src=\"https:\/\/diyetlif.com.tr\/blog\/wp-content\/uploads\/2020\/02\/5caad149c03c0e1ef8272307.jpg\" alt=\"Fizyoterapi yapan doktor\" class=\"wp-image-6348\" srcset=\"https:\/\/diyetlif.com.tr\/blog\/wp-content\/uploads\/2020\/02\/5caad149c03c0e1ef8272307.jpg 750w, https:\/\/diyetlif.com.tr\/blog\/wp-content\/uploads\/2020\/02\/5caad149c03c0e1ef8272307-300x169.jpg 300w, https:\/\/diyetlif.com.tr\/blog\/wp-content\/uploads\/2020\/02\/5caad149c03c0e1ef8272307-192x108.jpg 192w, https:\/\/diyetlif.com.tr\/blog\/wp-content\/uploads\/2020\/02\/5caad149c03c0e1ef8272307-384x216.jpg 384w, https:\/\/diyetlif.com.tr\/blog\/wp-content\/uploads\/2020\/02\/5caad149c03c0e1ef8272307-364x205.jpg 364w, https:\/\/diyetlif.com.tr\/blog\/wp-content\/uploads\/2020\/02\/5caad149c03c0e1ef8272307-728x409.jpg 728w, https:\/\/diyetlif.com.tr\/blog\/wp-content\/uploads\/2020\/02\/5caad149c03c0e1ef8272307-561x316.jpg 561w, https:\/\/diyetlif.com.tr\/blog\/wp-content\/uploads\/2020\/02\/5caad149c03c0e1ef8272307-608x342.jpg 608w, https:\/\/diyetlif.com.tr\/blog\/wp-content\/uploads\/2020\/02\/5caad149c03c0e1ef8272307-85x48.jpg 85w, https:\/\/diyetlif.com.tr\/blog\/wp-content\/uploads\/2020\/02\/5caad149c03c0e1ef8272307-171x96.jpg 171w, https:\/\/diyetlif.com.tr\/blog\/wp-content\/uploads\/2020\/02\/5caad149c03c0e1ef8272307-313x176.jpg 313w\" sizes=\"(max-width: 750px) 100vw, 750px\" \/><\/figure>\n\n\n\n<h2 class=\"wp-block-heading\"><strong>Fizyoterapi Hangi Durumlarda Gereklidir?<\/strong><\/h2>\n\n\n\n<p>Mesela s\u00fcrekli bal\u0131k tutan bir insan\u0131n kollar\u0131nda eklemlerle ilgili sorunlar olu\u015fabilir. A\u015f\u0131r\u0131 hareket ettirilen ve sinirleri zedelenen b\u00f6lgelerde fizyoterapi \u015fartt\u0131r.<\/p>\n\n\n\n<p>Besinlerden en \u00f6nemli grup, proteinlerdir. Proteinler de en kaliteli \u015fekliyle et \u00fcr\u00fcnlerinde bulunmaktad\u0131r. K\u0131rm\u0131z\u0131 ve yaz et t\u00fcketiminin yan\u0131 s\u0131ra, kuruyemi\u015f, muz, kay\u0131s\u0131, kivi ve patates zengin bir magnezyum kayna\u011f\u0131 oldu\u011fu i\u00e7in t\u00fcketilmelidir.<\/p>\n\n\n\n\n\n<h3 class=\"wp-block-heading\"><strong>Hangi Besinler Sinir Sistemini Geli\u015ftirir?<\/strong><\/h3>\n\n\n\n<p>Sinir sisteminin genel sa\u011fl\u0131\u011f\u0131n\u0131 korumak i\u00e7inse, vitamin ve minerallerin dengeli bir \u015fekilde al\u0131nmas\u0131 olduk\u00e7a \u00f6nemlidir.<\/p>\n\n\n\n<p>Bunu d\u0131\u015f\u0131nda sa\u011fl\u0131kl\u0131 doymam\u0131\u015f ya\u011f asitleri, iyot, demir ve \u00e7inko t\u00fcketiminin de y\u00fcksek olmas\u0131 gerekmektedir. Asl\u0131nda do\u011fadaki t\u00fcm besinleri abartmadan t\u00fcketmeniz, sa\u011fl\u0131\u011f\u0131n\u0131z i\u00e7in yeterlidir. Paketlenmi\u015f g\u0131dalar ve i\u015flenmi\u015f \u00fcr\u00fcnler t\u00fcketmedi\u011finiz s\u00fcrece her hastal\u0131ktan korunmu\u015f olursunuz.<\/p>\n\n\n\n<p>\u00d6zellikle <strong><em>sinir sisteminin geli\u015fimi<\/em><\/strong> i\u00e7in t\u00fcketilmesi gereken besinler, dengeli bir \u015fekilde al\u0131nmal\u0131 ve do\u011fal iyotlar tercih edilmelidir.<\/p>\n","protected":false},"excerpt":{"rendered":"<p>Kas, kemik ve sinir sisteminden kaynaklanan bir\u00e7ok hastal\u0131\u011f\u0131n tedavisinde fizyoterapi kullan\u0131lmaktad\u0131r. Fizyoterapiye ihtiyac\u0131 olan hastalar, genelde tek bir yerlerini \u00e7al\u0131\u015ft\u0131ran ya da fiziksel aktivitelerde zay\u0131f olan hastalard\u0131r. Hareket sistemini etkileyen bir\u00e7ok hastal\u0131\u011f\u0131n \u00f6zellikle kas, kemik ve eklemler \u00fczerinde olumsuz etkide bulunmas\u0131 fazla kilolar nedeniyle ortaya \u00e7\u0131kar. V\u00fccutta ta\u015f\u0131nmas\u0131 gereken kilo ne kadar a\u011f\u0131rla\u015f\u0131rsa, kemik ve [&hellip;] <a class=\"g1-link g1-link-more\" href=\"https:\/\/diyetlif.com.tr\/blog\/fizyoterapi-ve-beslenme\/\">More<\/a><\/p>\n","protected":false},"author":1,"featured_media":5819,"comment_status":"open","ping_status":"open","sticky":false,"template":"","format":"standard","meta":{"footnotes":""},"categories":[231],"tags":[383,384,385],"adace-sponsor":[],"yoast_head":"<!-- This site is optimized with the Yoast SEO plugin v22.6 - https:\/\/yoast.com\/wordpress\/plugins\/seo\/ -->\n<title>Fizyoterapi ve Beslenme | Diyetlif Blog<\/title>\n<meta name=\"robots\" content=\"index, follow, max-snippet:-1, max-image-preview:large, max-video-preview:-1\" \/>\n<link rel=\"canonical\" href=\"https:\/\/diyetlif.com.tr\/blog\/fizyoterapi-ve-beslenme\/\" \/>\n<meta property=\"og:locale\" content=\"tr_TR\" \/>\n<meta property=\"og:type\" content=\"article\" \/>\n<meta property=\"og:title\" content=\"Fizyoterapi ve Beslenme | Diyetlif Blog\" \/>\n<meta property=\"og:description\" content=\"Kas, kemik ve sinir sisteminden kaynaklanan bir\u00e7ok hastal\u0131\u011f\u0131n tedavisinde fizyoterapi kullan\u0131lmaktad\u0131r. Fizyoterapiye ihtiyac\u0131 olan hastalar, genelde tek bir yerlerini \u00e7al\u0131\u015ft\u0131ran ya da fiziksel aktivitelerde zay\u0131f olan hastalard\u0131r. Hareket sistemini etkileyen bir\u00e7ok hastal\u0131\u011f\u0131n \u00f6zellikle kas, kemik ve eklemler \u00fczerinde olumsuz etkide bulunmas\u0131 fazla kilolar nedeniyle ortaya \u00e7\u0131kar. V\u00fccutta ta\u015f\u0131nmas\u0131 gereken kilo ne kadar a\u011f\u0131rla\u015f\u0131rsa, kemik ve [&hellip;] More\" \/>\n<meta property=\"og:url\" content=\"https:\/\/diyetlif.com.tr\/blog\/fizyoterapi-ve-beslenme\/\" \/>\n<meta property=\"og:site_name\" content=\"Diyetlif Blog\" \/>\n<meta property=\"article:publisher\" content=\"https:\/\/www.facebook.com\/Diyetlif\" \/>\n<meta property=\"article:published_time\" content=\"2020-01-20T07:37:03+00:00\" \/>\n<meta property=\"article:modified_time\" content=\"2022-01-24T21:02:07+00:00\" \/>\n<meta property=\"og:image\" content=\"https:\/\/diyetlif.com.tr\/blog\/wp-content\/uploads\/2019\/11\/fizyoterapi-ve-beslenme.jpg\" \/>\n\t<meta property=\"og:image:width\" content=\"1200\" \/>\n\t<meta property=\"og:image:height\" content=\"800\" \/>\n\t<meta property=\"og:image:type\" content=\"image\/jpeg\" \/>\n<meta name=\"author\" content=\"Diyetlif\" \/>\n<meta name=\"twitter:card\" content=\"summary_large_image\" \/>\n<meta name=\"twitter:creator\" content=\"@diyetlif\" \/>\n<meta name=\"twitter:site\" content=\"@diyetlif\" \/>\n<meta name=\"twitter:label1\" content=\"Yazan:\" \/>\n\t<meta name=\"twitter:data1\" content=\"Diyetlif\" \/>\n\t<meta name=\"twitter:label2\" content=\"Tahmini okuma s\u00fcresi\" \/>\n\t<meta name=\"twitter:data2\" content=\"2 dakika\" \/>\n<script type=\"application\/ld+json\" class=\"yoast-schema-graph\">{\"@context\":\"https:\/\/schema.org\",\"@graph\":[{\"@type\":\"Article\",\"@id\":\"https:\/\/diyetlif.com.tr\/blog\/fizyoterapi-ve-beslenme\/#article\",\"isPartOf\":{\"@id\":\"https:\/\/diyetlif.com.tr\/blog\/fizyoterapi-ve-beslenme\/\"},\"author\":{\"name\":\"Diyetlif\",\"@id\":\"https:\/\/diyetlif.com.tr\/blog\/#\/schema\/person\/5676fb5dee0877cf59d5926b7d62f03a\"},\"headline\":\"Fizyoterapi ve Beslenme\",\"datePublished\":\"2020-01-20T07:37:03+00:00\",\"dateModified\":\"2022-01-24T21:02:07+00:00\",\"mainEntityOfPage\":{\"@id\":\"https:\/\/diyetlif.com.tr\/blog\/fizyoterapi-ve-beslenme\/\"},\"wordCount\":412,\"commentCount\":0,\"publisher\":{\"@id\":\"https:\/\/diyetlif.com.tr\/blog\/#organization\"},\"image\":{\"@id\":\"https:\/\/diyetlif.com.tr\/blog\/fizyoterapi-ve-beslenme\/#primaryimage\"},\"thumbnailUrl\":\"https:\/\/diyetlif.com.tr\/blog\/wp-content\/uploads\/2019\/11\/fizyoterapi-ve-beslenme.jpg\",\"keywords\":[\"Fizyoterapi ve beslenme\",\"Kalsiyum i\u00e7eren besinler\",\"sinir sisteminin geli\u015fimi\"],\"articleSection\":[\"Hastal\u0131k \/ Sa\u011fl\u0131k\"],\"inLanguage\":\"tr\",\"potentialAction\":[{\"@type\":\"CommentAction\",\"name\":\"Comment\",\"target\":[\"https:\/\/diyetlif.com.tr\/blog\/fizyoterapi-ve-beslenme\/#respond\"]}]},{\"@type\":\"WebPage\",\"@id\":\"https:\/\/diyetlif.com.tr\/blog\/fizyoterapi-ve-beslenme\/\",\"url\":\"https:\/\/diyetlif.com.tr\/blog\/fizyoterapi-ve-beslenme\/\",\"name\":\"Fizyoterapi ve Beslenme | Diyetlif Blog\",\"isPartOf\":{\"@id\":\"https:\/\/diyetlif.com.tr\/blog\/#website\"},\"primaryImageOfPage\":{\"@id\":\"https:\/\/diyetlif.com.tr\/blog\/fizyoterapi-ve-beslenme\/#primaryimage\"},\"image\":{\"@id\":\"https:\/\/diyetlif.com.tr\/blog\/fizyoterapi-ve-beslenme\/#primaryimage\"},\"thumbnailUrl\":\"https:\/\/diyetlif.com.tr\/blog\/wp-content\/uploads\/2019\/11\/fizyoterapi-ve-beslenme.jpg\",\"datePublished\":\"2020-01-20T07:37:03+00:00\",\"dateModified\":\"2022-01-24T21:02:07+00:00\",\"breadcrumb\":{\"@id\":\"https:\/\/diyetlif.com.tr\/blog\/fizyoterapi-ve-beslenme\/#breadcrumb\"},\"inLanguage\":\"tr\",\"potentialAction\":[{\"@type\":\"ReadAction\",\"target\":[\"https:\/\/diyetlif.com.tr\/blog\/fizyoterapi-ve-beslenme\/\"]}]},{\"@type\":\"ImageObject\",\"inLanguage\":\"tr\",\"@id\":\"https:\/\/diyetlif.com.tr\/blog\/fizyoterapi-ve-beslenme\/#primaryimage\",\"url\":\"https:\/\/diyetlif.com.tr\/blog\/wp-content\/uploads\/2019\/11\/fizyoterapi-ve-beslenme.jpg\",\"contentUrl\":\"https:\/\/diyetlif.com.tr\/blog\/wp-content\/uploads\/2019\/11\/fizyoterapi-ve-beslenme.jpg\",\"width\":1200,\"height\":800,\"caption\":\"fizyoterapi ve beslenme\"},{\"@type\":\"BreadcrumbList\",\"@id\":\"https:\/\/diyetlif.com.tr\/blog\/fizyoterapi-ve-beslenme\/#breadcrumb\",\"itemListElement\":[{\"@type\":\"ListItem\",\"position\":1,\"name\":\"Home\",\"item\":\"https:\/\/diyetlif.com.tr\/blog\/\"},{\"@type\":\"ListItem\",\"position\":2,\"name\":\"Fizyoterapi ve Beslenme\"}]},{\"@type\":\"WebSite\",\"@id\":\"https:\/\/diyetlif.com.tr\/blog\/#website\",\"url\":\"https:\/\/diyetlif.com.tr\/blog\/\",\"name\":\"Diyetlif Blog\",\"description\":\"Diyetlif diyetisyen ve psikolog ekibinin haz\u0131rlad\u0131\u011f\u0131 sa\u011fl\u0131kl\u0131 ya\u015fam, kilo verme alma, psikoloji, beslenme blog yaz\u0131lar\u0131n\u0131 okuyun.\",\"publisher\":{\"@id\":\"https:\/\/diyetlif.com.tr\/blog\/#organization\"},\"potentialAction\":[{\"@type\":\"SearchAction\",\"target\":{\"@type\":\"EntryPoint\",\"urlTemplate\":\"https:\/\/diyetlif.com.tr\/blog\/?s={search_term_string}\"},\"query-input\":\"required name=search_term_string\"}],\"inLanguage\":\"tr\"},{\"@type\":\"Organization\",\"@id\":\"https:\/\/diyetlif.com.tr\/blog\/#organization\",\"name\":\"Diyetlif\",\"url\":\"https:\/\/diyetlif.com.tr\/blog\/\",\"logo\":{\"@type\":\"ImageObject\",\"inLanguage\":\"tr\",\"@id\":\"https:\/\/diyetlif.com.tr\/blog\/#\/schema\/logo\/image\/\",\"url\":\"https:\/\/diyetlif.com.tr\/blog\/wp-content\/uploads\/2022\/02\/diyetlif-diyet-diyetisyen-logo-220.png\",\"contentUrl\":\"https:\/\/diyetlif.com.tr\/blog\/wp-content\/uploads\/2022\/02\/diyetlif-diyet-diyetisyen-logo-220.png\",\"width\":220,\"height\":53,\"caption\":\"Diyetlif\"},\"image\":{\"@id\":\"https:\/\/diyetlif.com.tr\/blog\/#\/schema\/logo\/image\/\"},\"sameAs\":[\"https:\/\/www.facebook.com\/Diyetlif\",\"https:\/\/x.com\/diyetlif\",\"https:\/\/www.instagram.com\/diyetlif\/\",\"https:\/\/tr.linkedin.com\/company\/diyetlif\",\"https:\/\/tr.pinterest.com\/diyetlif\/\",\"https:\/\/www.youtube.com\/channel\/UCWbcFL5Q3DM5UV0Ttme9YzA\"]},{\"@type\":\"Person\",\"@id\":\"https:\/\/diyetlif.com.tr\/blog\/#\/schema\/person\/5676fb5dee0877cf59d5926b7d62f03a\",\"name\":\"Diyetlif\",\"image\":{\"@type\":\"ImageObject\",\"inLanguage\":\"tr\",\"@id\":\"https:\/\/diyetlif.com.tr\/blog\/#\/schema\/person\/image\/\",\"url\":\"https:\/\/diyetlif.com.tr\/blog\/wp-content\/uploads\/2022\/02\/diyetlif-diyet-diyetisyen-footer-logo.png\",\"contentUrl\":\"https:\/\/diyetlif.com.tr\/blog\/wp-content\/uploads\/2022\/02\/diyetlif-diyet-diyetisyen-footer-logo.png\",\"caption\":\"Diyetlif\"},\"description\":\"Diyetlif bireylere ve kurumlara beslenme ve psikoloji hizmetleri sa\u011flayan sa\u011fl\u0131kl\u0131 ya\u015fam uzman\u0131 bir kurulu\u015ftur. Diyetlif 2008 y\u0131l\u0131nda kuruldu. Kurucumuz Hacettepe \u00dcniversitesi Beslenme ve Diyetetik B\u00f6l\u00fcm\u00fc mezunu Diyetisyen G\u00f6zdem Ba\u015far\u0131r \u0130phar. Geride b\u0131rakt\u0131\u011f\u0131m\u0131z 11 y\u0131lda en deneyimli ve en kurumsal sa\u011fl\u0131kl\u0131 ya\u015fam kurulu\u015flar\u0131ndan biri olduk. Bug\u00fcne kadar 8000\u2019in \u00fczerinde dan\u0131\u015fana ula\u015ft\u0131k.\",\"sameAs\":[\"https:\/\/diyetlif.com.tr\"],\"url\":\"https:\/\/diyetlif.com.tr\/blog\/author\/diyetlif\/\"}]}<\/script>\n<!-- \/ Yoast SEO plugin. -->","yoast_head_json":{"title":"Fizyoterapi ve Beslenme | Diyetlif Blog","robots":{"index":"index","follow":"follow","max-snippet":"max-snippet:-1","max-image-preview":"max-image-preview:large","max-video-preview":"max-video-preview:-1"},"canonical":"https:\/\/diyetlif.com.tr\/blog\/fizyoterapi-ve-beslenme\/","og_locale":"tr_TR","og_type":"article","og_title":"Fizyoterapi ve Beslenme | Diyetlif Blog","og_description":"Kas, kemik ve sinir sisteminden kaynaklanan bir\u00e7ok hastal\u0131\u011f\u0131n tedavisinde fizyoterapi kullan\u0131lmaktad\u0131r. Fizyoterapiye ihtiyac\u0131 olan hastalar, genelde tek bir yerlerini \u00e7al\u0131\u015ft\u0131ran ya da fiziksel aktivitelerde zay\u0131f olan hastalard\u0131r. Hareket sistemini etkileyen bir\u00e7ok hastal\u0131\u011f\u0131n \u00f6zellikle kas, kemik ve eklemler \u00fczerinde olumsuz etkide bulunmas\u0131 fazla kilolar nedeniyle ortaya \u00e7\u0131kar. V\u00fccutta ta\u015f\u0131nmas\u0131 gereken kilo ne kadar a\u011f\u0131rla\u015f\u0131rsa, kemik ve [&hellip;] More","og_url":"https:\/\/diyetlif.com.tr\/blog\/fizyoterapi-ve-beslenme\/","og_site_name":"Diyetlif Blog","article_publisher":"https:\/\/www.facebook.com\/Diyetlif","article_published_time":"2020-01-20T07:37:03+00:00","article_modified_time":"2022-01-24T21:02:07+00:00","og_image":[{"width":1200,"height":800,"url":"https:\/\/diyetlif.com.tr\/blog\/wp-content\/uploads\/2019\/11\/fizyoterapi-ve-beslenme.jpg","type":"image\/jpeg"}],"author":"Diyetlif","twitter_card":"summary_large_image","twitter_creator":"@diyetlif","twitter_site":"@diyetlif","twitter_misc":{"Yazan:":"Diyetlif","Tahmini okuma s\u00fcresi":"2 dakika"},"schema":{"@context":"https:\/\/schema.org","@graph":[{"@type":"Article","@id":"https:\/\/diyetlif.com.tr\/blog\/fizyoterapi-ve-beslenme\/#article","isPartOf":{"@id":"https:\/\/diyetlif.com.tr\/blog\/fizyoterapi-ve-beslenme\/"},"author":{"name":"Diyetlif","@id":"https:\/\/diyetlif.com.tr\/blog\/#\/schema\/person\/5676fb5dee0877cf59d5926b7d62f03a"},"headline":"Fizyoterapi ve Beslenme","datePublished":"2020-01-20T07:37:03+00:00","dateModified":"2022-01-24T21:02:07+00:00","mainEntityOfPage":{"@id":"https:\/\/diyetlif.com.tr\/blog\/fizyoterapi-ve-beslenme\/"},"wordCount":412,"commentCount":0,"publisher":{"@id":"https:\/\/diyetlif.com.tr\/blog\/#organization"},"image":{"@id":"https:\/\/diyetlif.com.tr\/blog\/fizyoterapi-ve-beslenme\/#primaryimage"},"thumbnailUrl":"https:\/\/diyetlif.com.tr\/blog\/wp-content\/uploads\/2019\/11\/fizyoterapi-ve-beslenme.jpg","keywords":["Fizyoterapi ve beslenme","Kalsiyum i\u00e7eren besinler","sinir sisteminin geli\u015fimi"],"articleSection":["Hastal\u0131k \/ Sa\u011fl\u0131k"],"inLanguage":"tr","potentialAction":[{"@type":"CommentAction","name":"Comment","target":["https:\/\/diyetlif.com.tr\/blog\/fizyoterapi-ve-beslenme\/#respond"]}]},{"@type":"WebPage","@id":"https:\/\/diyetlif.com.tr\/blog\/fizyoterapi-ve-beslenme\/","url":"https:\/\/diyetlif.com.tr\/blog\/fizyoterapi-ve-beslenme\/","name":"Fizyoterapi ve Beslenme | Diyetlif Blog","isPartOf":{"@id":"https:\/\/diyetlif.com.tr\/blog\/#website"},"primaryImageOfPage":{"@id":"https:\/\/diyetlif.com.tr\/blog\/fizyoterapi-ve-beslenme\/#primaryimage"},"image":{"@id":"https:\/\/diyetlif.com.tr\/blog\/fizyoterapi-ve-beslenme\/#primaryimage"},"thumbnailUrl":"https:\/\/diyetlif.com.tr\/blog\/wp-content\/uploads\/2019\/11\/fizyoterapi-ve-beslenme.jpg","datePublished":"2020-01-20T07:37:03+00:00","dateModified":"2022-01-24T21:02:07+00:00","breadcrumb":{"@id":"https:\/\/diyetlif.com.tr\/blog\/fizyoterapi-ve-beslenme\/#breadcrumb"},"inLanguage":"tr","potentialAction":[{"@type":"ReadAction","target":["https:\/\/diyetlif.com.tr\/blog\/fizyoterapi-ve-beslenme\/"]}]},{"@type":"ImageObject","inLanguage":"tr","@id":"https:\/\/diyetlif.com.tr\/blog\/fizyoterapi-ve-beslenme\/#primaryimage","url":"https:\/\/diyetlif.com.tr\/blog\/wp-content\/uploads\/2019\/11\/fizyoterapi-ve-beslenme.jpg","contentUrl":"https:\/\/diyetlif.com.tr\/blog\/wp-content\/uploads\/2019\/11\/fizyoterapi-ve-beslenme.jpg","width":1200,"height":800,"caption":"fizyoterapi ve beslenme"},{"@type":"BreadcrumbList","@id":"https:\/\/diyetlif.com.tr\/blog\/fizyoterapi-ve-beslenme\/#breadcrumb","itemListElement":[{"@type":"ListItem","position":1,"name":"Home","item":"https:\/\/diyetlif.com.tr\/blog\/"},{"@type":"ListItem","position":2,"name":"Fizyoterapi ve Beslenme"}]},{"@type":"WebSite","@id":"https:\/\/diyetlif.com.tr\/blog\/#website","url":"https:\/\/diyetlif.com.tr\/blog\/","name":"Diyetlif Blog","description":"Diyetlif diyetisyen ve psikolog ekibinin haz\u0131rlad\u0131\u011f\u0131 sa\u011fl\u0131kl\u0131 ya\u015fam, kilo verme alma, psikoloji, beslenme blog yaz\u0131lar\u0131n\u0131 okuyun.","publisher":{"@id":"https:\/\/diyetlif.com.tr\/blog\/#organization"},"potentialAction":[{"@type":"SearchAction","target":{"@type":"EntryPoint","urlTemplate":"https:\/\/diyetlif.com.tr\/blog\/?s={search_term_string}"},"query-input":"required name=search_term_string"}],"inLanguage":"tr"},{"@type":"Organization","@id":"https:\/\/diyetlif.com.tr\/blog\/#organization","name":"Diyetlif","url":"https:\/\/diyetlif.com.tr\/blog\/","logo":{"@type":"ImageObject","inLanguage":"tr","@id":"https:\/\/diyetlif.com.tr\/blog\/#\/schema\/logo\/image\/","url":"https:\/\/diyetlif.com.tr\/blog\/wp-content\/uploads\/2022\/02\/diyetlif-diyet-diyetisyen-logo-220.png","contentUrl":"https:\/\/diyetlif.com.tr\/blog\/wp-content\/uploads\/2022\/02\/diyetlif-diyet-diyetisyen-logo-220.png","width":220,"height":53,"caption":"Diyetlif"},"image":{"@id":"https:\/\/diyetlif.com.tr\/blog\/#\/schema\/logo\/image\/"},"sameAs":["https:\/\/www.facebook.com\/Diyetlif","https:\/\/x.com\/diyetlif","https:\/\/www.instagram.com\/diyetlif\/","https:\/\/tr.linkedin.com\/company\/diyetlif","https:\/\/tr.pinterest.com\/diyetlif\/","https:\/\/www.youtube.com\/channel\/UCWbcFL5Q3DM5UV0Ttme9YzA"]},{"@type":"Person","@id":"https:\/\/diyetlif.com.tr\/blog\/#\/schema\/person\/5676fb5dee0877cf59d5926b7d62f03a","name":"Diyetlif","image":{"@type":"ImageObject","inLanguage":"tr","@id":"https:\/\/diyetlif.com.tr\/blog\/#\/schema\/person\/image\/","url":"https:\/\/diyetlif.com.tr\/blog\/wp-content\/uploads\/2022\/02\/diyetlif-diyet-diyetisyen-footer-logo.png","contentUrl":"https:\/\/diyetlif.com.tr\/blog\/wp-content\/uploads\/2022\/02\/diyetlif-diyet-diyetisyen-footer-logo.png","caption":"Diyetlif"},"description":"Diyetlif bireylere ve kurumlara beslenme ve psikoloji hizmetleri sa\u011flayan sa\u011fl\u0131kl\u0131 ya\u015fam uzman\u0131 bir kurulu\u015ftur. Diyetlif 2008 y\u0131l\u0131nda kuruldu. Kurucumuz Hacettepe \u00dcniversitesi Beslenme ve Diyetetik B\u00f6l\u00fcm\u00fc mezunu Diyetisyen G\u00f6zdem Ba\u015far\u0131r \u0130phar. Geride b\u0131rakt\u0131\u011f\u0131m\u0131z 11 y\u0131lda en deneyimli ve en kurumsal sa\u011fl\u0131kl\u0131 ya\u015fam kurulu\u015flar\u0131ndan biri olduk. Bug\u00fcne kadar 8000\u2019in \u00fczerinde dan\u0131\u015fana ula\u015ft\u0131k.","sameAs":["https:\/\/diyetlif.com.tr"],"url":"https:\/\/diyetlif.com.tr\/blog\/author\/diyetlif\/"}]}},"amp_enabled":true,"_links":{"self":[{"href":"https:\/\/diyetlif.com.tr\/blog\/wp-json\/wp\/v2\/posts\/5817"}],"collection":[{"href":"https:\/\/diyetlif.com.tr\/blog\/wp-json\/wp\/v2\/posts"}],"about":[{"href":"https:\/\/diyetlif.com.tr\/blog\/wp-json\/wp\/v2\/types\/post"}],"author":[{"embeddable":true,"href":"https:\/\/diyetlif.com.tr\/blog\/wp-json\/wp\/v2\/users\/1"}],"replies":[{"embeddable":true,"href":"https:\/\/diyetlif.com.tr\/blog\/wp-json\/wp\/v2\/comments?post=5817"}],"version-history":[{"count":5,"href":"https:\/\/diyetlif.com.tr\/blog\/wp-json\/wp\/v2\/posts\/5817\/revisions"}],"predecessor-version":[{"id":8278,"href":"https:\/\/diyetlif.com.tr\/blog\/wp-json\/wp\/v2\/posts\/5817\/revisions\/8278"}],"wp:featuredmedia":[{"embeddable":true,"href":"https:\/\/diyetlif.com.tr\/blog\/wp-json\/wp\/v2\/media\/5819"}],"wp:attachment":[{"href":"https:\/\/diyetlif.com.tr\/blog\/wp-json\/wp\/v2\/media?parent=5817"}],"wp:term":[{"taxonomy":"category","embeddable":true,"href":"https:\/\/diyetlif.com.tr\/blog\/wp-json\/wp\/v2\/categories?post=5817"},{"taxonomy":"post_tag","embeddable":true,"href":"https:\/\/diyetlif.com.tr\/blog\/wp-json\/wp\/v2\/tags?post=5817"},{"taxonomy":"adace-sponsor","embeddable":true,"href":"https:\/\/diyetlif.com.tr\/blog\/wp-json\/wp\/v2\/adace-sponsor?post=5817"}],"curies":[{"name":"wp","href":"https:\/\/api.w.org\/{rel}","templated":true}]}}