{"id":5809,"date":"2019-11-16T11:14:38","date_gmt":"2019-11-16T08:14:38","guid":{"rendered":"http:\/\/diyetlif.com.tr\/blog\/?p=5809"},"modified":"2022-01-18T15:46:03","modified_gmt":"2022-01-18T12:46:03","slug":"baharat-diyetinize-nasil-lezzet-katar","status":"publish","type":"post","link":"https:\/\/diyetlif.com.tr\/blog\/baharat-diyetinize-nasil-lezzet-katar\/","title":{"rendered":"Baharat Diyetinize Nas\u0131l Lezzet Katar?"},"content":{"rendered":"\n<p>Do\u011fan\u0131n arma\u011fan\u0131, yemeklerinizin lezzeti baharatlar sayesinde zay\u0131flamak m\u00fcmk\u00fcn m\u00fc? Y\u0131llar y\u0131l\u0131 bitmeyen u\u011fra\u015f, <a href=\"\/diyetisyen\/diyet-programlari\/kilo-vermek-istiyorum-nasil-beslenmeliyim\/\">kilo vermek<\/a>. Hemen hemen herkesin bir kilo verme hikayesi veya \u00e7abas\u0131 bulunur. Kimileri \u00e7aylarla, kimileri envai \u00e7e\u015fit diyetle, kimileri ot-\u00e7\u00f6p ile. Peki baharatlar s\u00f6ylenildi\u011fi gibi bizim \u00fczerimizde s\u00f6z sahibi olabiliyorlar m\u0131 acaba?<\/p>\n\n\n\n<p>Yemeklerimize lezzet katan baharatlar\u0131n metabolizmam\u0131za olan katk\u0131s\u0131 da g\u00f6z ard\u0131 edilemez. V\u00fccutta uyar\u0131c\u0131 etki yaparak dola\u015f\u0131m\u0131n h\u0131zlanmas\u0131n\u0131 sa\u011flayan baharatlar bu sayede metabolizmam\u0131z\u0131n da h\u0131zlanmas\u0131n\u0131 sa\u011flamaktad\u0131r. Pek \u00e7o\u011fumuzun ac\u0131l\u0131 ve ya bol baharatl\u0131 yemeklerin ard\u0131ndan h\u0131zlanan ba\u011f\u0131rsak hareketlerinin sebebi de budur.<\/p>\n\n\n\n<figure class=\"wp-block-image size-large\"><img decoding=\"async\" loading=\"lazy\" width=\"596\" height=\"410\" src=\"https:\/\/diyetlif.com.tr\/blog\/wp-content\/uploads\/2019\/11\/baharatlar-1.jpg\" alt=\"kaselerde duran \u00e7e\u015fitli baharatlar\" class=\"wp-image-6103\" srcset=\"https:\/\/diyetlif.com.tr\/blog\/wp-content\/uploads\/2019\/11\/baharatlar-1.jpg 596w, https:\/\/diyetlif.com.tr\/blog\/wp-content\/uploads\/2019\/11\/baharatlar-1-300x206.jpg 300w, https:\/\/diyetlif.com.tr\/blog\/wp-content\/uploads\/2019\/11\/baharatlar-1-561x386.jpg 561w, https:\/\/diyetlif.com.tr\/blog\/wp-content\/uploads\/2019\/11\/baharatlar-1-364x250.jpg 364w, https:\/\/diyetlif.com.tr\/blog\/wp-content\/uploads\/2019\/11\/baharatlar-1-70x48.jpg 70w, https:\/\/diyetlif.com.tr\/blog\/wp-content\/uploads\/2019\/11\/baharatlar-1-140x96.jpg 140w, https:\/\/diyetlif.com.tr\/blog\/wp-content\/uploads\/2019\/11\/baharatlar-1-313x215.jpg 313w\" sizes=\"(max-width: 596px) 100vw, 596px\" \/><\/figure>\n\n\n\n<p>Fakat yemeklere eklenen baharatlar spor yapmak, bol su i\u00e7mek ve d\u00fczenli beslenmek kadar b\u00fcy\u00fck ve kal\u0131c\u0131 bir etkiye sahip de\u011fildir. Metabolizmam\u0131z\u0131 anl\u0131k uyar\u0131p h\u0131zl\u0131 etki eden ve \u00e7abuk ge\u00e7en bir uyar\u0131s\u0131 bulunmaktad\u0131r. Dolay\u0131s\u0131yla baharatlar kilo verdirmez ama kilo vermenize yard\u0131mc\u0131 olabilir.<\/p>\n\n\n\n<p>Zaten tats\u0131z dedi\u011finiz diyeti yaparken \u015fikayet edilen ya\u011fs\u0131z, tats\u0131z yemeklerinize, salatalar\u0131n\u0131za, yo\u011furtlar\u0131n\u0131za ekleyece\u011finiz baharatlarla hem lezzet kazand\u0131rm\u0131\u015f hem de etkiyi biraz daha artt\u0131rm\u0131\u015f olursunuz.<\/p>\n\n\n\n<h2 class=\"wp-block-heading\">Baharat kullan\u0131l\u0131rken \u00f6nemli olan nokta miktar\u0131d\u0131r.<\/h2>\n\n\n\n<p>Metabolizman\u0131z h\u0131zlans\u0131n diye yo\u011fun miktarda baharat kullan\u0131m\u0131 ciddi \u00f6l\u00e7\u00fcde mide problemlerine neden olabilir. \u00d6nceden var olan \u00fclser, gastrit gibi problemleri tetikleyebilece\u011fi gibi yeni olu\u015fumlara da neden olabilir. Yemeklerinize ekleyece\u011finiz 1 \u00e7ay ka\u015f\u0131\u011f\u0131 baharat lezzeti ve sa\u011fl\u0131kl\u0131 etkilerini g\u00f6rebilmek i\u00e7in yeterli olacakt\u0131r.<\/p>\n\n\n\n<figure class=\"wp-block-image size-large\"><img decoding=\"async\" loading=\"lazy\" width=\"1024\" height=\"576\" src=\"https:\/\/diyetlif.com.tr\/blog\/wp-content\/uploads\/2019\/11\/baharat-1024x576.jpg\" alt=\"\u00fcst \u00fcste kaseler i\u00e7inde duran baharat \u00e7e\u015fitleri\" class=\"wp-image-6104\" srcset=\"https:\/\/diyetlif.com.tr\/blog\/wp-content\/uploads\/2019\/11\/baharat-1024x576.jpg 1024w, https:\/\/diyetlif.com.tr\/blog\/wp-content\/uploads\/2019\/11\/baharat-300x169.jpg 300w, https:\/\/diyetlif.com.tr\/blog\/wp-content\/uploads\/2019\/11\/baharat-768x432.jpg 768w, https:\/\/diyetlif.com.tr\/blog\/wp-content\/uploads\/2019\/11\/baharat-192x108.jpg 192w, https:\/\/diyetlif.com.tr\/blog\/wp-content\/uploads\/2019\/11\/baharat-384x216.jpg 384w, https:\/\/diyetlif.com.tr\/blog\/wp-content\/uploads\/2019\/11\/baharat-364x205.jpg 364w, https:\/\/diyetlif.com.tr\/blog\/wp-content\/uploads\/2019\/11\/baharat-728x409.jpg 728w, https:\/\/diyetlif.com.tr\/blog\/wp-content\/uploads\/2019\/11\/baharat-561x316.jpg 561w, https:\/\/diyetlif.com.tr\/blog\/wp-content\/uploads\/2019\/11\/baharat-1122x631.jpg 1122w, https:\/\/diyetlif.com.tr\/blog\/wp-content\/uploads\/2019\/11\/baharat-608x342.jpg 608w, https:\/\/diyetlif.com.tr\/blog\/wp-content\/uploads\/2019\/11\/baharat-758x426.jpg 758w, https:\/\/diyetlif.com.tr\/blog\/wp-content\/uploads\/2019\/11\/baharat-1152x648.jpg 1152w, https:\/\/diyetlif.com.tr\/blog\/wp-content\/uploads\/2019\/11\/baharat-85x48.jpg 85w, https:\/\/diyetlif.com.tr\/blog\/wp-content\/uploads\/2019\/11\/baharat-171x96.jpg 171w, https:\/\/diyetlif.com.tr\/blog\/wp-content\/uploads\/2019\/11\/baharat-313x176.jpg 313w, https:\/\/diyetlif.com.tr\/blog\/wp-content\/uploads\/2019\/11\/baharat.jpg 1200w\" sizes=\"(max-width: 1024px) 100vw, 1024px\" \/><\/figure>\n\n\n\n<p>Ayr\u0131ca pek \u00e7ok karaci\u011fer ve pankreas rahats\u0131zl\u0131\u011f\u0131nda, b\u00f6brek fonksiyon bozukluklar\u0131nda ve yetmezliklerinde baharatlar\u0131n kullan\u0131m\u0131 olduk\u00e7a sak\u0131ncal\u0131d\u0131r.<\/p>\n\n\n\n<p>\u00d6zellikle iyi ko\u015fullarda saklanmayan baharatlarda olu\u015fan &#8216;aflotoksin&#8217; maddesi ciddi bir kanserojendir. Bu nedenle sa\u011fl\u0131kl\u0131 bir \u00fcretimi ve depolanmas\u0131 oldu\u011funa g\u00fcvenmedi\u011fimiz, yo\u011fun nem i\u00e7erisinde bulunan baharatlar\u0131 asla t\u00fcketmemeliyiz.<\/p>\n","protected":false},"excerpt":{"rendered":"<p>Do\u011fan\u0131n arma\u011fan\u0131, yemeklerinizin lezzeti baharatlar sayesinde zay\u0131flamak m\u00fcmk\u00fcn m\u00fc? Y\u0131llar y\u0131l\u0131 bitmeyen u\u011fra\u015f, kilo vermek. Hemen hemen herkesin bir kilo verme hikayesi veya \u00e7abas\u0131 bulunur. Kimileri \u00e7aylarla, kimileri envai \u00e7e\u015fit diyetle, kimileri ot-\u00e7\u00f6p ile. Peki baharatlar s\u00f6ylenildi\u011fi gibi bizim \u00fczerimizde s\u00f6z sahibi olabiliyorlar m\u0131 acaba? Yemeklerimize lezzet katan baharatlar\u0131n metabolizmam\u0131za olan katk\u0131s\u0131 da g\u00f6z ard\u0131 [&hellip;] <a class=\"g1-link g1-link-more\" href=\"https:\/\/diyetlif.com.tr\/blog\/baharat-diyetinize-nasil-lezzet-katar\/\">More<\/a><\/p>\n","protected":false},"author":1,"featured_media":5813,"comment_status":"open","ping_status":"open","sticky":false,"template":"","format":"standard","meta":{"footnotes":""},"categories":[233],"tags":[378,377],"adace-sponsor":[],"yoast_head":"<!-- This site is optimized with the Yoast SEO plugin v22.6 - https:\/\/yoast.com\/wordpress\/plugins\/seo\/ -->\n<title>Baharat Diyetinize Nas\u0131l Lezzet Katar? | Diyetlif Blog<\/title>\n<meta name=\"description\" content=\"Do\u011fan\u0131n arma\u011fan\u0131, yemeklerinizin lezzeti baharat sayesinde zay\u0131flamak m\u00fcmk\u00fcn m\u00fc? Baharat diyetimize ne denli fayda sa\u011flar? Kullan\u0131m miktar\u0131 nas\u0131l olmal\u0131d\u0131r?\" \/>\n<meta name=\"robots\" content=\"index, follow, max-snippet:-1, max-image-preview:large, max-video-preview:-1\" \/>\n<link rel=\"canonical\" href=\"https:\/\/diyetlif.com.tr\/blog\/baharat-diyetinize-nasil-lezzet-katar\/\" \/>\n<meta property=\"og:locale\" content=\"tr_TR\" \/>\n<meta property=\"og:type\" content=\"article\" \/>\n<meta property=\"og:title\" content=\"Baharat Diyetinize Nas\u0131l Lezzet Katar? | Diyetlif Blog\" \/>\n<meta property=\"og:description\" content=\"Do\u011fan\u0131n arma\u011fan\u0131, yemeklerinizin lezzeti baharat sayesinde zay\u0131flamak m\u00fcmk\u00fcn m\u00fc? Baharat diyetimize ne denli fayda sa\u011flar? Kullan\u0131m miktar\u0131 nas\u0131l olmal\u0131d\u0131r?\" \/>\n<meta property=\"og:url\" content=\"https:\/\/diyetlif.com.tr\/blog\/baharat-diyetinize-nasil-lezzet-katar\/\" \/>\n<meta property=\"og:site_name\" content=\"Diyetlif Blog\" \/>\n<meta property=\"article:publisher\" content=\"https:\/\/www.facebook.com\/Diyetlif\" \/>\n<meta property=\"article:published_time\" content=\"2019-11-16T08:14:38+00:00\" \/>\n<meta property=\"article:modified_time\" content=\"2022-01-18T12:46:03+00:00\" \/>\n<meta property=\"og:image\" content=\"https:\/\/diyetlif.com.tr\/blog\/wp-content\/uploads\/2019\/11\/baharatlar.jpg\" \/>\n\t<meta property=\"og:image:width\" content=\"1200\" \/>\n\t<meta property=\"og:image:height\" content=\"800\" \/>\n\t<meta property=\"og:image:type\" content=\"image\/jpeg\" \/>\n<meta name=\"author\" content=\"Diyetlif\" \/>\n<meta name=\"twitter:card\" content=\"summary_large_image\" \/>\n<meta name=\"twitter:creator\" content=\"@diyetlif\" \/>\n<meta name=\"twitter:site\" content=\"@diyetlif\" \/>\n<meta name=\"twitter:label1\" content=\"Yazan:\" \/>\n\t<meta name=\"twitter:data1\" content=\"Diyetlif\" \/>\n\t<meta name=\"twitter:label2\" content=\"Tahmini okuma s\u00fcresi\" \/>\n\t<meta name=\"twitter:data2\" content=\"2 dakika\" \/>\n<script type=\"application\/ld+json\" class=\"yoast-schema-graph\">{\"@context\":\"https:\/\/schema.org\",\"@graph\":[{\"@type\":\"Article\",\"@id\":\"https:\/\/diyetlif.com.tr\/blog\/baharat-diyetinize-nasil-lezzet-katar\/#article\",\"isPartOf\":{\"@id\":\"https:\/\/diyetlif.com.tr\/blog\/baharat-diyetinize-nasil-lezzet-katar\/\"},\"author\":{\"name\":\"Diyetlif\",\"@id\":\"https:\/\/diyetlif.com.tr\/blog\/#\/schema\/person\/5676fb5dee0877cf59d5926b7d62f03a\"},\"headline\":\"Baharat Diyetinize Nas\u0131l Lezzet Katar?\",\"datePublished\":\"2019-11-16T08:14:38+00:00\",\"dateModified\":\"2022-01-18T12:46:03+00:00\",\"mainEntityOfPage\":{\"@id\":\"https:\/\/diyetlif.com.tr\/blog\/baharat-diyetinize-nasil-lezzet-katar\/\"},\"wordCount\":350,\"commentCount\":0,\"publisher\":{\"@id\":\"https:\/\/diyetlif.com.tr\/blog\/#organization\"},\"image\":{\"@id\":\"https:\/\/diyetlif.com.tr\/blog\/baharat-diyetinize-nasil-lezzet-katar\/#primaryimage\"},\"thumbnailUrl\":\"https:\/\/diyetlif.com.tr\/blog\/wp-content\/uploads\/2019\/11\/baharatlar.jpg\",\"keywords\":[\"Baharatlar\",\"Baharatlar ve beslenme\"],\"articleSection\":[\"Besinler\"],\"inLanguage\":\"tr\",\"potentialAction\":[{\"@type\":\"CommentAction\",\"name\":\"Comment\",\"target\":[\"https:\/\/diyetlif.com.tr\/blog\/baharat-diyetinize-nasil-lezzet-katar\/#respond\"]}]},{\"@type\":\"WebPage\",\"@id\":\"https:\/\/diyetlif.com.tr\/blog\/baharat-diyetinize-nasil-lezzet-katar\/\",\"url\":\"https:\/\/diyetlif.com.tr\/blog\/baharat-diyetinize-nasil-lezzet-katar\/\",\"name\":\"Baharat Diyetinize Nas\u0131l Lezzet Katar? | Diyetlif Blog\",\"isPartOf\":{\"@id\":\"https:\/\/diyetlif.com.tr\/blog\/#website\"},\"primaryImageOfPage\":{\"@id\":\"https:\/\/diyetlif.com.tr\/blog\/baharat-diyetinize-nasil-lezzet-katar\/#primaryimage\"},\"image\":{\"@id\":\"https:\/\/diyetlif.com.tr\/blog\/baharat-diyetinize-nasil-lezzet-katar\/#primaryimage\"},\"thumbnailUrl\":\"https:\/\/diyetlif.com.tr\/blog\/wp-content\/uploads\/2019\/11\/baharatlar.jpg\",\"datePublished\":\"2019-11-16T08:14:38+00:00\",\"dateModified\":\"2022-01-18T12:46:03+00:00\",\"description\":\"Do\u011fan\u0131n arma\u011fan\u0131, yemeklerinizin lezzeti baharat sayesinde zay\u0131flamak m\u00fcmk\u00fcn m\u00fc? Baharat diyetimize ne denli fayda sa\u011flar? Kullan\u0131m miktar\u0131 nas\u0131l olmal\u0131d\u0131r?\",\"breadcrumb\":{\"@id\":\"https:\/\/diyetlif.com.tr\/blog\/baharat-diyetinize-nasil-lezzet-katar\/#breadcrumb\"},\"inLanguage\":\"tr\",\"potentialAction\":[{\"@type\":\"ReadAction\",\"target\":[\"https:\/\/diyetlif.com.tr\/blog\/baharat-diyetinize-nasil-lezzet-katar\/\"]}]},{\"@type\":\"ImageObject\",\"inLanguage\":\"tr\",\"@id\":\"https:\/\/diyetlif.com.tr\/blog\/baharat-diyetinize-nasil-lezzet-katar\/#primaryimage\",\"url\":\"https:\/\/diyetlif.com.tr\/blog\/wp-content\/uploads\/2019\/11\/baharatlar.jpg\",\"contentUrl\":\"https:\/\/diyetlif.com.tr\/blog\/wp-content\/uploads\/2019\/11\/baharatlar.jpg\",\"width\":1200,\"height\":800,\"caption\":\"yanyana duran bir \u00e7ok baharat\"},{\"@type\":\"BreadcrumbList\",\"@id\":\"https:\/\/diyetlif.com.tr\/blog\/baharat-diyetinize-nasil-lezzet-katar\/#breadcrumb\",\"itemListElement\":[{\"@type\":\"ListItem\",\"position\":1,\"name\":\"Home\",\"item\":\"https:\/\/diyetlif.com.tr\/blog\/\"},{\"@type\":\"ListItem\",\"position\":2,\"name\":\"Baharat Diyetinize Nas\u0131l Lezzet Katar?\"}]},{\"@type\":\"WebSite\",\"@id\":\"https:\/\/diyetlif.com.tr\/blog\/#website\",\"url\":\"https:\/\/diyetlif.com.tr\/blog\/\",\"name\":\"Diyetlif Blog\",\"description\":\"Diyetlif diyetisyen ve psikolog ekibinin haz\u0131rlad\u0131\u011f\u0131 sa\u011fl\u0131kl\u0131 ya\u015fam, kilo verme alma, psikoloji, beslenme blog yaz\u0131lar\u0131n\u0131 okuyun.\",\"publisher\":{\"@id\":\"https:\/\/diyetlif.com.tr\/blog\/#organization\"},\"potentialAction\":[{\"@type\":\"SearchAction\",\"target\":{\"@type\":\"EntryPoint\",\"urlTemplate\":\"https:\/\/diyetlif.com.tr\/blog\/?s={search_term_string}\"},\"query-input\":\"required name=search_term_string\"}],\"inLanguage\":\"tr\"},{\"@type\":\"Organization\",\"@id\":\"https:\/\/diyetlif.com.tr\/blog\/#organization\",\"name\":\"Diyetlif\",\"url\":\"https:\/\/diyetlif.com.tr\/blog\/\",\"logo\":{\"@type\":\"ImageObject\",\"inLanguage\":\"tr\",\"@id\":\"https:\/\/diyetlif.com.tr\/blog\/#\/schema\/logo\/image\/\",\"url\":\"https:\/\/diyetlif.com.tr\/blog\/wp-content\/uploads\/2022\/02\/diyetlif-diyet-diyetisyen-logo-220.png\",\"contentUrl\":\"https:\/\/diyetlif.com.tr\/blog\/wp-content\/uploads\/2022\/02\/diyetlif-diyet-diyetisyen-logo-220.png\",\"width\":220,\"height\":53,\"caption\":\"Diyetlif\"},\"image\":{\"@id\":\"https:\/\/diyetlif.com.tr\/blog\/#\/schema\/logo\/image\/\"},\"sameAs\":[\"https:\/\/www.facebook.com\/Diyetlif\",\"https:\/\/x.com\/diyetlif\",\"https:\/\/www.instagram.com\/diyetlif\/\",\"https:\/\/tr.linkedin.com\/company\/diyetlif\",\"https:\/\/tr.pinterest.com\/diyetlif\/\",\"https:\/\/www.youtube.com\/channel\/UCWbcFL5Q3DM5UV0Ttme9YzA\"]},{\"@type\":\"Person\",\"@id\":\"https:\/\/diyetlif.com.tr\/blog\/#\/schema\/person\/5676fb5dee0877cf59d5926b7d62f03a\",\"name\":\"Diyetlif\",\"image\":{\"@type\":\"ImageObject\",\"inLanguage\":\"tr\",\"@id\":\"https:\/\/diyetlif.com.tr\/blog\/#\/schema\/person\/image\/\",\"url\":\"https:\/\/diyetlif.com.tr\/blog\/wp-content\/uploads\/2022\/02\/diyetlif-diyet-diyetisyen-footer-logo.png\",\"contentUrl\":\"https:\/\/diyetlif.com.tr\/blog\/wp-content\/uploads\/2022\/02\/diyetlif-diyet-diyetisyen-footer-logo.png\",\"caption\":\"Diyetlif\"},\"description\":\"Diyetlif bireylere ve kurumlara beslenme ve psikoloji hizmetleri sa\u011flayan sa\u011fl\u0131kl\u0131 ya\u015fam uzman\u0131 bir kurulu\u015ftur. Diyetlif 2008 y\u0131l\u0131nda kuruldu. Kurucumuz Hacettepe \u00dcniversitesi Beslenme ve Diyetetik B\u00f6l\u00fcm\u00fc mezunu Diyetisyen G\u00f6zdem Ba\u015far\u0131r \u0130phar. Geride b\u0131rakt\u0131\u011f\u0131m\u0131z 11 y\u0131lda en deneyimli ve en kurumsal sa\u011fl\u0131kl\u0131 ya\u015fam kurulu\u015flar\u0131ndan biri olduk. Bug\u00fcne kadar 8000\u2019in \u00fczerinde dan\u0131\u015fana ula\u015ft\u0131k.\",\"sameAs\":[\"https:\/\/diyetlif.com.tr\"],\"url\":\"https:\/\/diyetlif.com.tr\/blog\/author\/diyetlif\/\"}]}<\/script>\n<!-- \/ Yoast SEO plugin. -->","yoast_head_json":{"title":"Baharat Diyetinize Nas\u0131l Lezzet Katar? | Diyetlif Blog","description":"Do\u011fan\u0131n arma\u011fan\u0131, yemeklerinizin lezzeti baharat sayesinde zay\u0131flamak m\u00fcmk\u00fcn m\u00fc? Baharat diyetimize ne denli fayda sa\u011flar? Kullan\u0131m miktar\u0131 nas\u0131l olmal\u0131d\u0131r?","robots":{"index":"index","follow":"follow","max-snippet":"max-snippet:-1","max-image-preview":"max-image-preview:large","max-video-preview":"max-video-preview:-1"},"canonical":"https:\/\/diyetlif.com.tr\/blog\/baharat-diyetinize-nasil-lezzet-katar\/","og_locale":"tr_TR","og_type":"article","og_title":"Baharat Diyetinize Nas\u0131l Lezzet Katar? | Diyetlif Blog","og_description":"Do\u011fan\u0131n arma\u011fan\u0131, yemeklerinizin lezzeti baharat sayesinde zay\u0131flamak m\u00fcmk\u00fcn m\u00fc? Baharat diyetimize ne denli fayda sa\u011flar? Kullan\u0131m miktar\u0131 nas\u0131l olmal\u0131d\u0131r?","og_url":"https:\/\/diyetlif.com.tr\/blog\/baharat-diyetinize-nasil-lezzet-katar\/","og_site_name":"Diyetlif Blog","article_publisher":"https:\/\/www.facebook.com\/Diyetlif","article_published_time":"2019-11-16T08:14:38+00:00","article_modified_time":"2022-01-18T12:46:03+00:00","og_image":[{"width":1200,"height":800,"url":"https:\/\/diyetlif.com.tr\/blog\/wp-content\/uploads\/2019\/11\/baharatlar.jpg","type":"image\/jpeg"}],"author":"Diyetlif","twitter_card":"summary_large_image","twitter_creator":"@diyetlif","twitter_site":"@diyetlif","twitter_misc":{"Yazan:":"Diyetlif","Tahmini okuma s\u00fcresi":"2 dakika"},"schema":{"@context":"https:\/\/schema.org","@graph":[{"@type":"Article","@id":"https:\/\/diyetlif.com.tr\/blog\/baharat-diyetinize-nasil-lezzet-katar\/#article","isPartOf":{"@id":"https:\/\/diyetlif.com.tr\/blog\/baharat-diyetinize-nasil-lezzet-katar\/"},"author":{"name":"Diyetlif","@id":"https:\/\/diyetlif.com.tr\/blog\/#\/schema\/person\/5676fb5dee0877cf59d5926b7d62f03a"},"headline":"Baharat Diyetinize Nas\u0131l Lezzet Katar?","datePublished":"2019-11-16T08:14:38+00:00","dateModified":"2022-01-18T12:46:03+00:00","mainEntityOfPage":{"@id":"https:\/\/diyetlif.com.tr\/blog\/baharat-diyetinize-nasil-lezzet-katar\/"},"wordCount":350,"commentCount":0,"publisher":{"@id":"https:\/\/diyetlif.com.tr\/blog\/#organization"},"image":{"@id":"https:\/\/diyetlif.com.tr\/blog\/baharat-diyetinize-nasil-lezzet-katar\/#primaryimage"},"thumbnailUrl":"https:\/\/diyetlif.com.tr\/blog\/wp-content\/uploads\/2019\/11\/baharatlar.jpg","keywords":["Baharatlar","Baharatlar ve beslenme"],"articleSection":["Besinler"],"inLanguage":"tr","potentialAction":[{"@type":"CommentAction","name":"Comment","target":["https:\/\/diyetlif.com.tr\/blog\/baharat-diyetinize-nasil-lezzet-katar\/#respond"]}]},{"@type":"WebPage","@id":"https:\/\/diyetlif.com.tr\/blog\/baharat-diyetinize-nasil-lezzet-katar\/","url":"https:\/\/diyetlif.com.tr\/blog\/baharat-diyetinize-nasil-lezzet-katar\/","name":"Baharat Diyetinize Nas\u0131l Lezzet Katar? | Diyetlif Blog","isPartOf":{"@id":"https:\/\/diyetlif.com.tr\/blog\/#website"},"primaryImageOfPage":{"@id":"https:\/\/diyetlif.com.tr\/blog\/baharat-diyetinize-nasil-lezzet-katar\/#primaryimage"},"image":{"@id":"https:\/\/diyetlif.com.tr\/blog\/baharat-diyetinize-nasil-lezzet-katar\/#primaryimage"},"thumbnailUrl":"https:\/\/diyetlif.com.tr\/blog\/wp-content\/uploads\/2019\/11\/baharatlar.jpg","datePublished":"2019-11-16T08:14:38+00:00","dateModified":"2022-01-18T12:46:03+00:00","description":"Do\u011fan\u0131n arma\u011fan\u0131, yemeklerinizin lezzeti baharat sayesinde zay\u0131flamak m\u00fcmk\u00fcn m\u00fc? Baharat diyetimize ne denli fayda sa\u011flar? Kullan\u0131m miktar\u0131 nas\u0131l olmal\u0131d\u0131r?","breadcrumb":{"@id":"https:\/\/diyetlif.com.tr\/blog\/baharat-diyetinize-nasil-lezzet-katar\/#breadcrumb"},"inLanguage":"tr","potentialAction":[{"@type":"ReadAction","target":["https:\/\/diyetlif.com.tr\/blog\/baharat-diyetinize-nasil-lezzet-katar\/"]}]},{"@type":"ImageObject","inLanguage":"tr","@id":"https:\/\/diyetlif.com.tr\/blog\/baharat-diyetinize-nasil-lezzet-katar\/#primaryimage","url":"https:\/\/diyetlif.com.tr\/blog\/wp-content\/uploads\/2019\/11\/baharatlar.jpg","contentUrl":"https:\/\/diyetlif.com.tr\/blog\/wp-content\/uploads\/2019\/11\/baharatlar.jpg","width":1200,"height":800,"caption":"yanyana duran bir \u00e7ok baharat"},{"@type":"BreadcrumbList","@id":"https:\/\/diyetlif.com.tr\/blog\/baharat-diyetinize-nasil-lezzet-katar\/#breadcrumb","itemListElement":[{"@type":"ListItem","position":1,"name":"Home","item":"https:\/\/diyetlif.com.tr\/blog\/"},{"@type":"ListItem","position":2,"name":"Baharat Diyetinize Nas\u0131l Lezzet Katar?"}]},{"@type":"WebSite","@id":"https:\/\/diyetlif.com.tr\/blog\/#website","url":"https:\/\/diyetlif.com.tr\/blog\/","name":"Diyetlif Blog","description":"Diyetlif diyetisyen ve psikolog ekibinin haz\u0131rlad\u0131\u011f\u0131 sa\u011fl\u0131kl\u0131 ya\u015fam, kilo verme alma, psikoloji, beslenme blog yaz\u0131lar\u0131n\u0131 okuyun.","publisher":{"@id":"https:\/\/diyetlif.com.tr\/blog\/#organization"},"potentialAction":[{"@type":"SearchAction","target":{"@type":"EntryPoint","urlTemplate":"https:\/\/diyetlif.com.tr\/blog\/?s={search_term_string}"},"query-input":"required name=search_term_string"}],"inLanguage":"tr"},{"@type":"Organization","@id":"https:\/\/diyetlif.com.tr\/blog\/#organization","name":"Diyetlif","url":"https:\/\/diyetlif.com.tr\/blog\/","logo":{"@type":"ImageObject","inLanguage":"tr","@id":"https:\/\/diyetlif.com.tr\/blog\/#\/schema\/logo\/image\/","url":"https:\/\/diyetlif.com.tr\/blog\/wp-content\/uploads\/2022\/02\/diyetlif-diyet-diyetisyen-logo-220.png","contentUrl":"https:\/\/diyetlif.com.tr\/blog\/wp-content\/uploads\/2022\/02\/diyetlif-diyet-diyetisyen-logo-220.png","width":220,"height":53,"caption":"Diyetlif"},"image":{"@id":"https:\/\/diyetlif.com.tr\/blog\/#\/schema\/logo\/image\/"},"sameAs":["https:\/\/www.facebook.com\/Diyetlif","https:\/\/x.com\/diyetlif","https:\/\/www.instagram.com\/diyetlif\/","https:\/\/tr.linkedin.com\/company\/diyetlif","https:\/\/tr.pinterest.com\/diyetlif\/","https:\/\/www.youtube.com\/channel\/UCWbcFL5Q3DM5UV0Ttme9YzA"]},{"@type":"Person","@id":"https:\/\/diyetlif.com.tr\/blog\/#\/schema\/person\/5676fb5dee0877cf59d5926b7d62f03a","name":"Diyetlif","image":{"@type":"ImageObject","inLanguage":"tr","@id":"https:\/\/diyetlif.com.tr\/blog\/#\/schema\/person\/image\/","url":"https:\/\/diyetlif.com.tr\/blog\/wp-content\/uploads\/2022\/02\/diyetlif-diyet-diyetisyen-footer-logo.png","contentUrl":"https:\/\/diyetlif.com.tr\/blog\/wp-content\/uploads\/2022\/02\/diyetlif-diyet-diyetisyen-footer-logo.png","caption":"Diyetlif"},"description":"Diyetlif bireylere ve kurumlara beslenme ve psikoloji hizmetleri sa\u011flayan sa\u011fl\u0131kl\u0131 ya\u015fam uzman\u0131 bir kurulu\u015ftur. Diyetlif 2008 y\u0131l\u0131nda kuruldu. Kurucumuz Hacettepe \u00dcniversitesi Beslenme ve Diyetetik B\u00f6l\u00fcm\u00fc mezunu Diyetisyen G\u00f6zdem Ba\u015far\u0131r \u0130phar. Geride b\u0131rakt\u0131\u011f\u0131m\u0131z 11 y\u0131lda en deneyimli ve en kurumsal sa\u011fl\u0131kl\u0131 ya\u015fam kurulu\u015flar\u0131ndan biri olduk. Bug\u00fcne kadar 8000\u2019in \u00fczerinde dan\u0131\u015fana ula\u015ft\u0131k.","sameAs":["https:\/\/diyetlif.com.tr"],"url":"https:\/\/diyetlif.com.tr\/blog\/author\/diyetlif\/"}]}},"amp_enabled":true,"_links":{"self":[{"href":"https:\/\/diyetlif.com.tr\/blog\/wp-json\/wp\/v2\/posts\/5809"}],"collection":[{"href":"https:\/\/diyetlif.com.tr\/blog\/wp-json\/wp\/v2\/posts"}],"about":[{"href":"https:\/\/diyetlif.com.tr\/blog\/wp-json\/wp\/v2\/types\/post"}],"author":[{"embeddable":true,"href":"https:\/\/diyetlif.com.tr\/blog\/wp-json\/wp\/v2\/users\/1"}],"replies":[{"embeddable":true,"href":"https:\/\/diyetlif.com.tr\/blog\/wp-json\/wp\/v2\/comments?post=5809"}],"version-history":[{"count":2,"href":"https:\/\/diyetlif.com.tr\/blog\/wp-json\/wp\/v2\/posts\/5809\/revisions"}],"predecessor-version":[{"id":6105,"href":"https:\/\/diyetlif.com.tr\/blog\/wp-json\/wp\/v2\/posts\/5809\/revisions\/6105"}],"wp:featuredmedia":[{"embeddable":true,"href":"https:\/\/diyetlif.com.tr\/blog\/wp-json\/wp\/v2\/media\/5813"}],"wp:attachment":[{"href":"https:\/\/diyetlif.com.tr\/blog\/wp-json\/wp\/v2\/media?parent=5809"}],"wp:term":[{"taxonomy":"category","embeddable":true,"href":"https:\/\/diyetlif.com.tr\/blog\/wp-json\/wp\/v2\/categories?post=5809"},{"taxonomy":"post_tag","embeddable":true,"href":"https:\/\/diyetlif.com.tr\/blog\/wp-json\/wp\/v2\/tags?post=5809"},{"taxonomy":"adace-sponsor","embeddable":true,"href":"https:\/\/diyetlif.com.tr\/blog\/wp-json\/wp\/v2\/adace-sponsor?post=5809"}],"curies":[{"name":"wp","href":"https:\/\/api.w.org\/{rel}","templated":true}]}}