{"id":5777,"date":"2019-11-14T10:17:37","date_gmt":"2019-11-14T07:17:37","guid":{"rendered":"http:\/\/diyetlif.com.tr\/blog\/?p=5777"},"modified":"2019-11-25T14:47:04","modified_gmt":"2019-11-25T11:47:04","slug":"serinletici-ara-ogunler","status":"publish","type":"post","link":"https:\/\/diyetlif.com.tr\/blog\/serinletici-ara-ogunler\/","title":{"rendered":"Serinletici Ara \u00d6\u011f\u00fcnler"},"content":{"rendered":"\n<p>Yaz aylar\u0131n\u0131n gelmesiyle ya\u011fl\u0131 g\u0131dalardan zorunlu bir \u015fekilde uzakla\u015fmaya ba\u015flayan insanlar, i\u00e7 serinletici \u00fcr\u00fcnler tercih etmektedir. Ara \u00f6\u011f\u00fcnlerde hem kalorisi y\u00fcksek olmayan hem de i\u00e7inizi serinletecek \u00fcr\u00fcnler tercih edilmektedir.<\/p>\n\n\n\n<p>Hafif zeytinya\u011fl\u0131 yemekler, salatalar gibi besinler her zaman diyet yapan ki\u015filerin tercihi olmaktad\u0131r. Ancak her zaman i\u00e7inizi ferahlatan bu \u00fcr\u00fcnlerin bir porsiyonu bazen y\u00fcksek kalorilerin al\u0131nmas\u0131na neden olabilir. \u015eeker oran\u0131 y\u00fcksek, <strong><em>besin de\u011ferleri<\/em><\/strong> d\u00fc\u015f\u00fck olan bu yiyecekler, daha k\u0131sa s\u00fcrede ac\u0131kmaya neden oldu\u011fu i\u00e7in kan \u015fekerinin ani y\u00fckselip inmesine neden oluyor.<\/p>\n\n\n\n<h2 class=\"wp-block-heading\">Bu \u00dcr\u00fcnleri Nas\u0131l T\u00fcketmeli?<\/h2>\n\n\n\n<p>Bu \u00fcr\u00fcnleri t\u00fcketmeniz k\u0131sa s\u00fcre sonra ac\u0131kman\u0131za neden olaca\u011f\u0131ndan alternatif \u00fcr\u00fcnler t\u00fcketmeyi tercih edebilirsiniz.<\/p>\n\n\n\n<p>Mesela karpuz ve peynir ikilisi hem d\u00fc\u015f\u00fck kalorili hem de serinletici bir ara \u00f6\u011f\u00fcn olarak tercih edilebilir. 3 parmak kal\u0131nl\u0131\u011f\u0131nda bir dilim karpuz ve 30 gram peynir size hem doyurucu hem de besleyici bir <strong><em>ara \u00f6\u011f\u00fcn<\/em><\/strong> sa\u011flamaktad\u0131r.<\/p>\n\n\n\n<p>Milkshake ve smootie\u2019ler ise son y\u0131llarda rengarenk se\u00e7enekleri ile herkesin favorisi, ama bunlar\u0131 haz\u0131r almak yerine blenderda ezilmi\u015f olan meyvelerle kefiri kar\u0131\u015ft\u0131r\u0131p t\u00fcketebilirsiniz.<\/p>\n\n\n\n<p>Bol \u015fekerli limonatalardan da ayn\u0131 \u015fekilde uzak durman\u0131z gerekmektedir. 30 gram cevizle birlikte t\u00fcketece\u011finiz el yap\u0131m\u0131 \u015fekersiz limonata size sa\u011fl\u0131kl\u0131 bir ara \u00f6\u011f\u00fcn se\u00e7ene\u011fi sunacakt\u0131r. Ancak d\u00fc\u015f\u00fck tansiyonu olanlar i\u00e7in uygun olmayabilir.<\/p>\n\n\n\n<h2 class=\"wp-block-heading\">Masum Tatl\u0131 Yoktur<\/h2>\n\n\n\n<p>Y\u00fcksek oranda&nbsp; s\u00fct i\u00e7eren dondurmalar bir\u00e7ok ki\u015fi i\u00e7in masum g\u00f6r\u00fcnse de, olduk\u00e7a zararl\u0131d\u0131r. Bir porsiyon yemenin sak\u0131ncas\u0131 olmad\u0131\u011f\u0131 bu \u00fcr\u00fcnlerin kakao ve meyveli olanlar\u0131 tercih edilebilir.<\/p>\n\n\n\n<p>\u00c7ay\u0131n\u0131 ve kahvesini \u015fekersiz i\u00e7enler ise bu konuda daha \u015fansl\u0131lar. \u00c7\u00fcnk\u00fc tam bu\u011fdayl\u0131 ve glikoz i\u00e7ermeyen kurabiyelerden bir iki tane yiyebilecek olan bu ki\u015filer, buzlu kahve ile birlik sa\u011fl\u0131kl\u0131 bir ara \u00f6\u011f\u00fcn olu\u015fturabilirler. Tabi kahvenin i\u00e7inde \u015feker ve \u015furup gibi katk\u0131lar\u0131n olmamas\u0131 kayd\u0131yla, t\u00fcketilebilir.<\/p>\n","protected":false},"excerpt":{"rendered":"<p>Yaz aylar\u0131n\u0131n gelmesiyle ya\u011fl\u0131 g\u0131dalardan zorunlu bir \u015fekilde uzakla\u015fmaya ba\u015flayan insanlar, i\u00e7 serinletici \u00fcr\u00fcnler tercih etmektedir. Ara \u00f6\u011f\u00fcnlerde hem kalorisi y\u00fcksek olmayan hem de i\u00e7inizi serinletecek \u00fcr\u00fcnler tercih edilmektedir. Hafif zeytinya\u011fl\u0131 yemekler, salatalar gibi besinler her zaman diyet yapan ki\u015filerin tercihi olmaktad\u0131r. Ancak her zaman i\u00e7inizi ferahlatan bu \u00fcr\u00fcnlerin bir porsiyonu bazen y\u00fcksek kalorilerin al\u0131nmas\u0131na [&hellip;] <a class=\"g1-link g1-link-more\" href=\"https:\/\/diyetlif.com.tr\/blog\/serinletici-ara-ogunler\/\">More<\/a><\/p>\n","protected":false},"author":1,"featured_media":5779,"comment_status":"open","ping_status":"open","sticky":false,"template":"","format":"standard","meta":{"footnotes":""},"categories":[233],"tags":[348,349],"adace-sponsor":[],"yoast_head":"<!-- This site is optimized with the Yoast SEO plugin v22.6 - https:\/\/yoast.com\/wordpress\/plugins\/seo\/ -->\n<title>Serinletici Ara \u00d6\u011f\u00fcnler | Diyetlif Blog<\/title>\n<meta name=\"robots\" content=\"index, follow, max-snippet:-1, max-image-preview:large, max-video-preview:-1\" \/>\n<link rel=\"canonical\" href=\"https:\/\/diyetlif.com.tr\/blog\/serinletici-ara-ogunler\/\" \/>\n<meta property=\"og:locale\" content=\"tr_TR\" \/>\n<meta property=\"og:type\" content=\"article\" \/>\n<meta property=\"og:title\" content=\"Serinletici Ara \u00d6\u011f\u00fcnler | Diyetlif Blog\" \/>\n<meta property=\"og:description\" content=\"Yaz aylar\u0131n\u0131n gelmesiyle ya\u011fl\u0131 g\u0131dalardan zorunlu bir \u015fekilde uzakla\u015fmaya ba\u015flayan insanlar, i\u00e7 serinletici \u00fcr\u00fcnler tercih etmektedir. Ara \u00f6\u011f\u00fcnlerde hem kalorisi y\u00fcksek olmayan hem de i\u00e7inizi serinletecek \u00fcr\u00fcnler tercih edilmektedir. Hafif zeytinya\u011fl\u0131 yemekler, salatalar gibi besinler her zaman diyet yapan ki\u015filerin tercihi olmaktad\u0131r. Ancak her zaman i\u00e7inizi ferahlatan bu \u00fcr\u00fcnlerin bir porsiyonu bazen y\u00fcksek kalorilerin al\u0131nmas\u0131na [&hellip;] More\" \/>\n<meta property=\"og:url\" content=\"https:\/\/diyetlif.com.tr\/blog\/serinletici-ara-ogunler\/\" \/>\n<meta property=\"og:site_name\" content=\"Diyetlif Blog\" \/>\n<meta property=\"article:publisher\" content=\"https:\/\/www.facebook.com\/Diyetlif\" \/>\n<meta property=\"article:published_time\" content=\"2019-11-14T07:17:37+00:00\" \/>\n<meta property=\"article:modified_time\" content=\"2019-11-25T11:47:04+00:00\" \/>\n<meta property=\"og:image\" content=\"https:\/\/diyetlif.com.tr\/blog\/wp-content\/uploads\/2019\/11\/serinletici-i\u00e7ecek.jpg\" \/>\n\t<meta property=\"og:image:width\" content=\"1200\" \/>\n\t<meta property=\"og:image:height\" content=\"800\" \/>\n\t<meta property=\"og:image:type\" content=\"image\/jpeg\" \/>\n<meta name=\"author\" content=\"Diyetlif\" \/>\n<meta name=\"twitter:card\" content=\"summary_large_image\" \/>\n<meta name=\"twitter:creator\" content=\"@diyetlif\" \/>\n<meta name=\"twitter:site\" content=\"@diyetlif\" \/>\n<meta name=\"twitter:label1\" content=\"Yazan:\" \/>\n\t<meta name=\"twitter:data1\" content=\"Diyetlif\" \/>\n\t<meta name=\"twitter:label2\" content=\"Tahmini okuma s\u00fcresi\" \/>\n\t<meta name=\"twitter:data2\" content=\"2 dakika\" \/>\n<script type=\"application\/ld+json\" class=\"yoast-schema-graph\">{\"@context\":\"https:\/\/schema.org\",\"@graph\":[{\"@type\":\"Article\",\"@id\":\"https:\/\/diyetlif.com.tr\/blog\/serinletici-ara-ogunler\/#article\",\"isPartOf\":{\"@id\":\"https:\/\/diyetlif.com.tr\/blog\/serinletici-ara-ogunler\/\"},\"author\":{\"name\":\"Diyetlif\",\"@id\":\"https:\/\/diyetlif.com.tr\/blog\/#\/schema\/person\/5676fb5dee0877cf59d5926b7d62f03a\"},\"headline\":\"Serinletici Ara \u00d6\u011f\u00fcnler\",\"datePublished\":\"2019-11-14T07:17:37+00:00\",\"dateModified\":\"2019-11-25T11:47:04+00:00\",\"mainEntityOfPage\":{\"@id\":\"https:\/\/diyetlif.com.tr\/blog\/serinletici-ara-ogunler\/\"},\"wordCount\":354,\"commentCount\":0,\"publisher\":{\"@id\":\"https:\/\/diyetlif.com.tr\/blog\/#organization\"},\"image\":{\"@id\":\"https:\/\/diyetlif.com.tr\/blog\/serinletici-ara-ogunler\/#primaryimage\"},\"thumbnailUrl\":\"https:\/\/diyetlif.com.tr\/blog\/wp-content\/uploads\/2019\/11\/serinletici-i\u00e7ecek.jpg\",\"keywords\":[\"seerinletici i\u00e7ecekler\",\"serinletici ara \u00f6g\u00fcnler\"],\"articleSection\":[\"Besinler\"],\"inLanguage\":\"tr\",\"potentialAction\":[{\"@type\":\"CommentAction\",\"name\":\"Comment\",\"target\":[\"https:\/\/diyetlif.com.tr\/blog\/serinletici-ara-ogunler\/#respond\"]}]},{\"@type\":\"WebPage\",\"@id\":\"https:\/\/diyetlif.com.tr\/blog\/serinletici-ara-ogunler\/\",\"url\":\"https:\/\/diyetlif.com.tr\/blog\/serinletici-ara-ogunler\/\",\"name\":\"Serinletici Ara \u00d6\u011f\u00fcnler | Diyetlif Blog\",\"isPartOf\":{\"@id\":\"https:\/\/diyetlif.com.tr\/blog\/#website\"},\"primaryImageOfPage\":{\"@id\":\"https:\/\/diyetlif.com.tr\/blog\/serinletici-ara-ogunler\/#primaryimage\"},\"image\":{\"@id\":\"https:\/\/diyetlif.com.tr\/blog\/serinletici-ara-ogunler\/#primaryimage\"},\"thumbnailUrl\":\"https:\/\/diyetlif.com.tr\/blog\/wp-content\/uploads\/2019\/11\/serinletici-i\u00e7ecek.jpg\",\"datePublished\":\"2019-11-14T07:17:37+00:00\",\"dateModified\":\"2019-11-25T11:47:04+00:00\",\"breadcrumb\":{\"@id\":\"https:\/\/diyetlif.com.tr\/blog\/serinletici-ara-ogunler\/#breadcrumb\"},\"inLanguage\":\"tr\",\"potentialAction\":[{\"@type\":\"ReadAction\",\"target\":[\"https:\/\/diyetlif.com.tr\/blog\/serinletici-ara-ogunler\/\"]}]},{\"@type\":\"ImageObject\",\"inLanguage\":\"tr\",\"@id\":\"https:\/\/diyetlif.com.tr\/blog\/serinletici-ara-ogunler\/#primaryimage\",\"url\":\"https:\/\/diyetlif.com.tr\/blog\/wp-content\/uploads\/2019\/11\/serinletici-i\u00e7ecek.jpg\",\"contentUrl\":\"https:\/\/diyetlif.com.tr\/blog\/wp-content\/uploads\/2019\/11\/serinletici-i\u00e7ecek.jpg\",\"width\":1200,\"height\":800},{\"@type\":\"BreadcrumbList\",\"@id\":\"https:\/\/diyetlif.com.tr\/blog\/serinletici-ara-ogunler\/#breadcrumb\",\"itemListElement\":[{\"@type\":\"ListItem\",\"position\":1,\"name\":\"Home\",\"item\":\"https:\/\/diyetlif.com.tr\/blog\/\"},{\"@type\":\"ListItem\",\"position\":2,\"name\":\"Serinletici Ara \u00d6\u011f\u00fcnler\"}]},{\"@type\":\"WebSite\",\"@id\":\"https:\/\/diyetlif.com.tr\/blog\/#website\",\"url\":\"https:\/\/diyetlif.com.tr\/blog\/\",\"name\":\"Diyetlif Blog\",\"description\":\"Diyetlif diyetisyen ve psikolog ekibinin haz\u0131rlad\u0131\u011f\u0131 sa\u011fl\u0131kl\u0131 ya\u015fam, kilo verme alma, psikoloji, beslenme blog yaz\u0131lar\u0131n\u0131 okuyun.\",\"publisher\":{\"@id\":\"https:\/\/diyetlif.com.tr\/blog\/#organization\"},\"potentialAction\":[{\"@type\":\"SearchAction\",\"target\":{\"@type\":\"EntryPoint\",\"urlTemplate\":\"https:\/\/diyetlif.com.tr\/blog\/?s={search_term_string}\"},\"query-input\":\"required name=search_term_string\"}],\"inLanguage\":\"tr\"},{\"@type\":\"Organization\",\"@id\":\"https:\/\/diyetlif.com.tr\/blog\/#organization\",\"name\":\"Diyetlif\",\"url\":\"https:\/\/diyetlif.com.tr\/blog\/\",\"logo\":{\"@type\":\"ImageObject\",\"inLanguage\":\"tr\",\"@id\":\"https:\/\/diyetlif.com.tr\/blog\/#\/schema\/logo\/image\/\",\"url\":\"https:\/\/diyetlif.com.tr\/blog\/wp-content\/uploads\/2022\/02\/diyetlif-diyet-diyetisyen-logo-220.png\",\"contentUrl\":\"https:\/\/diyetlif.com.tr\/blog\/wp-content\/uploads\/2022\/02\/diyetlif-diyet-diyetisyen-logo-220.png\",\"width\":220,\"height\":53,\"caption\":\"Diyetlif\"},\"image\":{\"@id\":\"https:\/\/diyetlif.com.tr\/blog\/#\/schema\/logo\/image\/\"},\"sameAs\":[\"https:\/\/www.facebook.com\/Diyetlif\",\"https:\/\/x.com\/diyetlif\",\"https:\/\/www.instagram.com\/diyetlif\/\",\"https:\/\/tr.linkedin.com\/company\/diyetlif\",\"https:\/\/tr.pinterest.com\/diyetlif\/\",\"https:\/\/www.youtube.com\/channel\/UCWbcFL5Q3DM5UV0Ttme9YzA\"]},{\"@type\":\"Person\",\"@id\":\"https:\/\/diyetlif.com.tr\/blog\/#\/schema\/person\/5676fb5dee0877cf59d5926b7d62f03a\",\"name\":\"Diyetlif\",\"image\":{\"@type\":\"ImageObject\",\"inLanguage\":\"tr\",\"@id\":\"https:\/\/diyetlif.com.tr\/blog\/#\/schema\/person\/image\/\",\"url\":\"https:\/\/diyetlif.com.tr\/blog\/wp-content\/uploads\/2022\/02\/diyetlif-diyet-diyetisyen-footer-logo.png\",\"contentUrl\":\"https:\/\/diyetlif.com.tr\/blog\/wp-content\/uploads\/2022\/02\/diyetlif-diyet-diyetisyen-footer-logo.png\",\"caption\":\"Diyetlif\"},\"description\":\"Diyetlif bireylere ve kurumlara beslenme ve psikoloji hizmetleri sa\u011flayan sa\u011fl\u0131kl\u0131 ya\u015fam uzman\u0131 bir kurulu\u015ftur. Diyetlif 2008 y\u0131l\u0131nda kuruldu. Kurucumuz Hacettepe \u00dcniversitesi Beslenme ve Diyetetik B\u00f6l\u00fcm\u00fc mezunu Diyetisyen G\u00f6zdem Ba\u015far\u0131r \u0130phar. Geride b\u0131rakt\u0131\u011f\u0131m\u0131z 11 y\u0131lda en deneyimli ve en kurumsal sa\u011fl\u0131kl\u0131 ya\u015fam kurulu\u015flar\u0131ndan biri olduk. Bug\u00fcne kadar 8000\u2019in \u00fczerinde dan\u0131\u015fana ula\u015ft\u0131k.\",\"sameAs\":[\"https:\/\/diyetlif.com.tr\"],\"url\":\"https:\/\/diyetlif.com.tr\/blog\/author\/diyetlif\/\"}]}<\/script>\n<!-- \/ Yoast SEO plugin. -->","yoast_head_json":{"title":"Serinletici Ara \u00d6\u011f\u00fcnler | Diyetlif Blog","robots":{"index":"index","follow":"follow","max-snippet":"max-snippet:-1","max-image-preview":"max-image-preview:large","max-video-preview":"max-video-preview:-1"},"canonical":"https:\/\/diyetlif.com.tr\/blog\/serinletici-ara-ogunler\/","og_locale":"tr_TR","og_type":"article","og_title":"Serinletici Ara \u00d6\u011f\u00fcnler | Diyetlif Blog","og_description":"Yaz aylar\u0131n\u0131n gelmesiyle ya\u011fl\u0131 g\u0131dalardan zorunlu bir \u015fekilde uzakla\u015fmaya ba\u015flayan insanlar, i\u00e7 serinletici \u00fcr\u00fcnler tercih etmektedir. Ara \u00f6\u011f\u00fcnlerde hem kalorisi y\u00fcksek olmayan hem de i\u00e7inizi serinletecek \u00fcr\u00fcnler tercih edilmektedir. Hafif zeytinya\u011fl\u0131 yemekler, salatalar gibi besinler her zaman diyet yapan ki\u015filerin tercihi olmaktad\u0131r. Ancak her zaman i\u00e7inizi ferahlatan bu \u00fcr\u00fcnlerin bir porsiyonu bazen y\u00fcksek kalorilerin al\u0131nmas\u0131na [&hellip;] More","og_url":"https:\/\/diyetlif.com.tr\/blog\/serinletici-ara-ogunler\/","og_site_name":"Diyetlif Blog","article_publisher":"https:\/\/www.facebook.com\/Diyetlif","article_published_time":"2019-11-14T07:17:37+00:00","article_modified_time":"2019-11-25T11:47:04+00:00","og_image":[{"width":1200,"height":800,"url":"https:\/\/diyetlif.com.tr\/blog\/wp-content\/uploads\/2019\/11\/serinletici-i\u00e7ecek.jpg","type":"image\/jpeg"}],"author":"Diyetlif","twitter_card":"summary_large_image","twitter_creator":"@diyetlif","twitter_site":"@diyetlif","twitter_misc":{"Yazan:":"Diyetlif","Tahmini okuma s\u00fcresi":"2 dakika"},"schema":{"@context":"https:\/\/schema.org","@graph":[{"@type":"Article","@id":"https:\/\/diyetlif.com.tr\/blog\/serinletici-ara-ogunler\/#article","isPartOf":{"@id":"https:\/\/diyetlif.com.tr\/blog\/serinletici-ara-ogunler\/"},"author":{"name":"Diyetlif","@id":"https:\/\/diyetlif.com.tr\/blog\/#\/schema\/person\/5676fb5dee0877cf59d5926b7d62f03a"},"headline":"Serinletici Ara \u00d6\u011f\u00fcnler","datePublished":"2019-11-14T07:17:37+00:00","dateModified":"2019-11-25T11:47:04+00:00","mainEntityOfPage":{"@id":"https:\/\/diyetlif.com.tr\/blog\/serinletici-ara-ogunler\/"},"wordCount":354,"commentCount":0,"publisher":{"@id":"https:\/\/diyetlif.com.tr\/blog\/#organization"},"image":{"@id":"https:\/\/diyetlif.com.tr\/blog\/serinletici-ara-ogunler\/#primaryimage"},"thumbnailUrl":"https:\/\/diyetlif.com.tr\/blog\/wp-content\/uploads\/2019\/11\/serinletici-i\u00e7ecek.jpg","keywords":["seerinletici i\u00e7ecekler","serinletici ara \u00f6g\u00fcnler"],"articleSection":["Besinler"],"inLanguage":"tr","potentialAction":[{"@type":"CommentAction","name":"Comment","target":["https:\/\/diyetlif.com.tr\/blog\/serinletici-ara-ogunler\/#respond"]}]},{"@type":"WebPage","@id":"https:\/\/diyetlif.com.tr\/blog\/serinletici-ara-ogunler\/","url":"https:\/\/diyetlif.com.tr\/blog\/serinletici-ara-ogunler\/","name":"Serinletici Ara \u00d6\u011f\u00fcnler | Diyetlif Blog","isPartOf":{"@id":"https:\/\/diyetlif.com.tr\/blog\/#website"},"primaryImageOfPage":{"@id":"https:\/\/diyetlif.com.tr\/blog\/serinletici-ara-ogunler\/#primaryimage"},"image":{"@id":"https:\/\/diyetlif.com.tr\/blog\/serinletici-ara-ogunler\/#primaryimage"},"thumbnailUrl":"https:\/\/diyetlif.com.tr\/blog\/wp-content\/uploads\/2019\/11\/serinletici-i\u00e7ecek.jpg","datePublished":"2019-11-14T07:17:37+00:00","dateModified":"2019-11-25T11:47:04+00:00","breadcrumb":{"@id":"https:\/\/diyetlif.com.tr\/blog\/serinletici-ara-ogunler\/#breadcrumb"},"inLanguage":"tr","potentialAction":[{"@type":"ReadAction","target":["https:\/\/diyetlif.com.tr\/blog\/serinletici-ara-ogunler\/"]}]},{"@type":"ImageObject","inLanguage":"tr","@id":"https:\/\/diyetlif.com.tr\/blog\/serinletici-ara-ogunler\/#primaryimage","url":"https:\/\/diyetlif.com.tr\/blog\/wp-content\/uploads\/2019\/11\/serinletici-i\u00e7ecek.jpg","contentUrl":"https:\/\/diyetlif.com.tr\/blog\/wp-content\/uploads\/2019\/11\/serinletici-i\u00e7ecek.jpg","width":1200,"height":800},{"@type":"BreadcrumbList","@id":"https:\/\/diyetlif.com.tr\/blog\/serinletici-ara-ogunler\/#breadcrumb","itemListElement":[{"@type":"ListItem","position":1,"name":"Home","item":"https:\/\/diyetlif.com.tr\/blog\/"},{"@type":"ListItem","position":2,"name":"Serinletici Ara \u00d6\u011f\u00fcnler"}]},{"@type":"WebSite","@id":"https:\/\/diyetlif.com.tr\/blog\/#website","url":"https:\/\/diyetlif.com.tr\/blog\/","name":"Diyetlif Blog","description":"Diyetlif diyetisyen ve psikolog ekibinin haz\u0131rlad\u0131\u011f\u0131 sa\u011fl\u0131kl\u0131 ya\u015fam, kilo verme alma, psikoloji, beslenme blog yaz\u0131lar\u0131n\u0131 okuyun.","publisher":{"@id":"https:\/\/diyetlif.com.tr\/blog\/#organization"},"potentialAction":[{"@type":"SearchAction","target":{"@type":"EntryPoint","urlTemplate":"https:\/\/diyetlif.com.tr\/blog\/?s={search_term_string}"},"query-input":"required name=search_term_string"}],"inLanguage":"tr"},{"@type":"Organization","@id":"https:\/\/diyetlif.com.tr\/blog\/#organization","name":"Diyetlif","url":"https:\/\/diyetlif.com.tr\/blog\/","logo":{"@type":"ImageObject","inLanguage":"tr","@id":"https:\/\/diyetlif.com.tr\/blog\/#\/schema\/logo\/image\/","url":"https:\/\/diyetlif.com.tr\/blog\/wp-content\/uploads\/2022\/02\/diyetlif-diyet-diyetisyen-logo-220.png","contentUrl":"https:\/\/diyetlif.com.tr\/blog\/wp-content\/uploads\/2022\/02\/diyetlif-diyet-diyetisyen-logo-220.png","width":220,"height":53,"caption":"Diyetlif"},"image":{"@id":"https:\/\/diyetlif.com.tr\/blog\/#\/schema\/logo\/image\/"},"sameAs":["https:\/\/www.facebook.com\/Diyetlif","https:\/\/x.com\/diyetlif","https:\/\/www.instagram.com\/diyetlif\/","https:\/\/tr.linkedin.com\/company\/diyetlif","https:\/\/tr.pinterest.com\/diyetlif\/","https:\/\/www.youtube.com\/channel\/UCWbcFL5Q3DM5UV0Ttme9YzA"]},{"@type":"Person","@id":"https:\/\/diyetlif.com.tr\/blog\/#\/schema\/person\/5676fb5dee0877cf59d5926b7d62f03a","name":"Diyetlif","image":{"@type":"ImageObject","inLanguage":"tr","@id":"https:\/\/diyetlif.com.tr\/blog\/#\/schema\/person\/image\/","url":"https:\/\/diyetlif.com.tr\/blog\/wp-content\/uploads\/2022\/02\/diyetlif-diyet-diyetisyen-footer-logo.png","contentUrl":"https:\/\/diyetlif.com.tr\/blog\/wp-content\/uploads\/2022\/02\/diyetlif-diyet-diyetisyen-footer-logo.png","caption":"Diyetlif"},"description":"Diyetlif bireylere ve kurumlara beslenme ve psikoloji hizmetleri sa\u011flayan sa\u011fl\u0131kl\u0131 ya\u015fam uzman\u0131 bir kurulu\u015ftur. Diyetlif 2008 y\u0131l\u0131nda kuruldu. Kurucumuz Hacettepe \u00dcniversitesi Beslenme ve Diyetetik B\u00f6l\u00fcm\u00fc mezunu Diyetisyen G\u00f6zdem Ba\u015far\u0131r \u0130phar. Geride b\u0131rakt\u0131\u011f\u0131m\u0131z 11 y\u0131lda en deneyimli ve en kurumsal sa\u011fl\u0131kl\u0131 ya\u015fam kurulu\u015flar\u0131ndan biri olduk. Bug\u00fcne kadar 8000\u2019in \u00fczerinde dan\u0131\u015fana ula\u015ft\u0131k.","sameAs":["https:\/\/diyetlif.com.tr"],"url":"https:\/\/diyetlif.com.tr\/blog\/author\/diyetlif\/"}]}},"amp_enabled":true,"_links":{"self":[{"href":"https:\/\/diyetlif.com.tr\/blog\/wp-json\/wp\/v2\/posts\/5777"}],"collection":[{"href":"https:\/\/diyetlif.com.tr\/blog\/wp-json\/wp\/v2\/posts"}],"about":[{"href":"https:\/\/diyetlif.com.tr\/blog\/wp-json\/wp\/v2\/types\/post"}],"author":[{"embeddable":true,"href":"https:\/\/diyetlif.com.tr\/blog\/wp-json\/wp\/v2\/users\/1"}],"replies":[{"embeddable":true,"href":"https:\/\/diyetlif.com.tr\/blog\/wp-json\/wp\/v2\/comments?post=5777"}],"version-history":[{"count":1,"href":"https:\/\/diyetlif.com.tr\/blog\/wp-json\/wp\/v2\/posts\/5777\/revisions"}],"predecessor-version":[{"id":5780,"href":"https:\/\/diyetlif.com.tr\/blog\/wp-json\/wp\/v2\/posts\/5777\/revisions\/5780"}],"wp:featuredmedia":[{"embeddable":true,"href":"https:\/\/diyetlif.com.tr\/blog\/wp-json\/wp\/v2\/media\/5779"}],"wp:attachment":[{"href":"https:\/\/diyetlif.com.tr\/blog\/wp-json\/wp\/v2\/media?parent=5777"}],"wp:term":[{"taxonomy":"category","embeddable":true,"href":"https:\/\/diyetlif.com.tr\/blog\/wp-json\/wp\/v2\/categories?post=5777"},{"taxonomy":"post_tag","embeddable":true,"href":"https:\/\/diyetlif.com.tr\/blog\/wp-json\/wp\/v2\/tags?post=5777"},{"taxonomy":"adace-sponsor","embeddable":true,"href":"https:\/\/diyetlif.com.tr\/blog\/wp-json\/wp\/v2\/adace-sponsor?post=5777"}],"curies":[{"name":"wp","href":"https:\/\/api.w.org\/{rel}","templated":true}]}}